{"id":2144,"date":"2011-08-23T08:12:42","date_gmt":"2011-08-23T06:12:42","guid":{"rendered":"http:\/\/www.im-banne-der-sensoren.de\/?p=2144"},"modified":"2011-08-23T08:14:00","modified_gmt":"2011-08-23T06:14:00","slug":"skulpturen-ende","status":"publish","type":"post","link":"https:\/\/www.im-banne-der-sensoren.de\/?p=2144","title":{"rendered":"Skulpturen. Ende."},"content":{"rendered":"<p><a href=\"http:\/\/www.im-banne-der-sensoren.de\/wp-content\/uploads\/2011\/08\/SDIM2774_herr_mann_sw.jpg\"><img decoding=\"async\" class=\"alignnone size-medium wp-image-198\u201c title=\"au weia!\" src=\"http:\/\/www.im-banne-der-sensoren.de\/wp-content\/uploads\/2011\/08\/SDIM2774_herr_mann_sw.jpg\" alt=\"\" width=\"950\" height=\"\u201e633&quot;\" \/><\/a><\/p>\n<p>Mit dieser leicht manipulierten sw-Version vom Herman, der Angst haben muss, dass ihm der Himmel auf den Kopf f\u00e4llt, verabschiede ich mich f\u00fcrs erste aus der Motivreihe \u201eSkulpturen\u201c. Das Denkmal wurde am Sonntag von unserer kompletten Familie besucht. Es sieht bescheiden aus, alles irgendwie viel kleiner, als man es heutzutage erwartet, und olle Herman ist auch leicht mopsig modeliert, dicke Bubenschenkel undsoweiter. Am d\u00f6\u00f6fsten aber wirkt in der R\u00fcckschau die naive unhistorische Sicht auf die Situation des Errichtungs-Jahres 1875 (dt-frz Krieg, Reichsgr\u00fcndung, Kaiser, Bismarck, Hering, &#8230;), die g\u00e4nzlich unkommentiert bleibt, also kein Wort z.B. von der Emser Depesche und alles, ach, es bleibt ein ewig Kreuz mit diesen deutschen Nationaldingsbumsen&#8230;<\/p>\n","protected":false},"excerpt":{"rendered":"","protected":false},"author":1,"featured_media":0,"comment_status":"open","ping_status":"open","sticky":false,"template":"","format":"standard","meta":{"footnotes":""},"categories":[15,126,3,124,31],"tags":[],"class_list":["post-2144","post","type-post","status-publish","format-standard","hentry","category-ausen","category-manipulation","category-peter_p","category-schwarzweis","category-sonne","entry"],"_links":{"self":[{"href":"https:\/\/www.im-banne-der-sensoren.de\/index.php?rest_route=\/wp\/v2\/posts\/2144","targetHints":{"allow":["GET"]}}],"collection":[{"href":"https:\/\/www.im-banne-der-sensoren.de\/index.php?rest_route=\/wp\/v2\/posts"}],"about":[{"href":"https:\/\/www.im-banne-der-sensoren.de\/index.php?rest_route=\/wp\/v2\/types\/post"}],"author":[{"embeddable":true,"href":"https:\/\/www.im-banne-der-sensoren.de\/index.php?rest_route=\/wp\/v2\/users\/1"}],"replies":[{"embeddable":true,"href":"https:\/\/www.im-banne-der-sensoren.de\/index.php?rest_route=%2Fwp%2Fv2%2Fcomments&post=2144"}],"version-history":[{"count":2,"href":"https:\/\/www.im-banne-der-sensoren.de\/index.php?rest_route=\/wp\/v2\/posts\/2144\/revisions"}],"predecessor-version":[{"id":2146,"href":"https:\/\/www.im-banne-der-sensoren.de\/index.php?rest_route=\/wp\/v2\/posts\/2144\/revisions\/2146"}],"wp:attachment":[{"href":"https:\/\/www.im-banne-der-sensoren.de\/index.php?rest_route=%2Fwp%2Fv2%2Fmedia&parent=2144"}],"wp:term":[{"taxonomy":"category","embeddable":true,"href":"https:\/\/www.im-banne-der-sensoren.de\/index.php?rest_route=%2Fwp%2Fv2%2Fcategories&post=2144"},{"taxonomy":"post_tag","embeddable":true,"href":"https:\/\/www.im-banne-der-sensoren.de\/index.php?rest_route=%2Fwp%2Fv2%2Ftags&post=2144"}],"curies":[{"name":"wp","href":"https:\/\/api.w.org\/{rel}","templated":true}]}}