{"id":21341,"date":"2019-10-29T22:04:23","date_gmt":"2019-10-29T21:04:23","guid":{"rendered":"http:\/\/www.im-banne-der-sensoren.de\/?p=21341"},"modified":"2019-10-29T22:04:23","modified_gmt":"2019-10-29T21:04:23","slug":"fuer-friedrich-leopold-stolberg","status":"publish","type":"post","link":"https:\/\/www.im-banne-der-sensoren.de\/?p=21341","title":{"rendered":"F\u00fcr Friedrich Leopold Stolberg"},"content":{"rendered":"<p><a href=\"http:\/\/www.im-banne-der-sensoren.de\/wp-content\/uploads\/2019\/10\/R0018214.jpg\"><img loading=\"lazy\" decoding=\"async\" class=\"alignnone wp-image-21342\" src=\"http:\/\/www.im-banne-der-sensoren.de\/wp-content\/uploads\/2019\/10\/R0018214-500x750.jpg\" alt=\"\" width=\"350\" height=\"525\" srcset=\"https:\/\/www.im-banne-der-sensoren.de\/wp-content\/uploads\/2019\/10\/R0018214-500x750.jpg 500w, https:\/\/www.im-banne-der-sensoren.de\/wp-content\/uploads\/2019\/10\/R0018214.jpg 600w\" sizes=\"auto, (max-width: 350px) 100vw, 350px\" \/><\/a><\/p>\n<p>Wenn die Erlen duftend s\u00e4useln,<br \/>\nWenn die M\u00fccken Teiche kr\u00e4useln,<br \/>\nWenn der Frosch sich qu\u00e4kend bl\u00e4ht,<br \/>\nWenn der Fisch im Wasser h\u00fcpfet,<br \/>\nAus der kalten Tiefe schl\u00fcpfet,<br \/>\nUnd der Schwan zu Neste geht;<\/p>\n","protected":false},"excerpt":{"rendered":"<p>Wenn die Erlen duftend s\u00e4useln, Wenn die M\u00fccken Teiche kr\u00e4useln, Wenn der Frosch sich qu\u00e4kend bl\u00e4ht, Wenn der Fisch im Wasser h\u00fcpfet, Aus der kalten Tiefe schl\u00fcpfet, Und der Schwan zu Neste geht;<\/p>\n","protected":false},"author":3,"featured_media":0,"comment_status":"open","ping_status":"open","sticky":false,"template":"","format":"standard","meta":{"footnotes":""},"categories":[1],"tags":[],"class_list":["post-21341","post","type-post","status-publish","format-standard","hentry","category-allgemein","entry"],"_links":{"self":[{"href":"https:\/\/www.im-banne-der-sensoren.de\/index.php?rest_route=\/wp\/v2\/posts\/21341","targetHints":{"allow":["GET"]}}],"collection":[{"href":"https:\/\/www.im-banne-der-sensoren.de\/index.php?rest_route=\/wp\/v2\/posts"}],"about":[{"href":"https:\/\/www.im-banne-der-sensoren.de\/index.php?rest_route=\/wp\/v2\/types\/post"}],"author":[{"embeddable":true,"href":"https:\/\/www.im-banne-der-sensoren.de\/index.php?rest_route=\/wp\/v2\/users\/3"}],"replies":[{"embeddable":true,"href":"https:\/\/www.im-banne-der-sensoren.de\/index.php?rest_route=%2Fwp%2Fv2%2Fcomments&post=21341"}],"version-history":[{"count":1,"href":"https:\/\/www.im-banne-der-sensoren.de\/index.php?rest_route=\/wp\/v2\/posts\/21341\/revisions"}],"predecessor-version":[{"id":21343,"href":"https:\/\/www.im-banne-der-sensoren.de\/index.php?rest_route=\/wp\/v2\/posts\/21341\/revisions\/21343"}],"wp:attachment":[{"href":"https:\/\/www.im-banne-der-sensoren.de\/index.php?rest_route=%2Fwp%2Fv2%2Fmedia&parent=21341"}],"wp:term":[{"taxonomy":"category","embeddable":true,"href":"https:\/\/www.im-banne-der-sensoren.de\/index.php?rest_route=%2Fwp%2Fv2%2Fcategories&post=21341"},{"taxonomy":"post_tag","embeddable":true,"href":"https:\/\/www.im-banne-der-sensoren.de\/index.php?rest_route=%2Fwp%2Fv2%2Ftags&post=21341"}],"curies":[{"name":"wp","href":"https:\/\/api.w.org\/{rel}","templated":true}]}}