{"id":207,"date":"2011-03-18T08:00:51","date_gmt":"2011-03-18T08:00:51","guid":{"rendered":"http:\/\/www.im-banne-der-sensoren.de\/?p=207"},"modified":"2011-03-18T08:36:19","modified_gmt":"2011-03-18T08:36:19","slug":"zugende","status":"publish","type":"post","link":"https:\/\/www.im-banne-der-sensoren.de\/?p=207","title":{"rendered":"Karnevalsende"},"content":{"rendered":"<p><a href=\"http:\/\/www.im-banne-der-sensoren.de\/wp-content\/uploads\/2011\/03\/SDIM1285_karnevalsende.jpg\"><img loading=\"lazy\" decoding=\"async\" class=\"alignnone size-medium wp-image-198\" title=\"SDIM1285_karnevalsende.jpg\" src=\"http:\/\/www.im-banne-der-sensoren.de\/wp-content\/uploads\/2011\/03\/SDIM1285_karnevalsende.jpg\" alt=\"\" width=\"900\" height=\"600\" \/><\/a><\/p>\n<p>Was vom Karnevalsumzug \u00fcbrig blieb, ist mindestens so vielf\u00e4ltig und \u00fcberfordernd wie all die anderen Zeichen und Typografien und Graffiti drum herum. Soviel Konfetti wiederum kann gar nicht sein, dass die rechtwinklig aufeinandertreffenden Schilder sich nicht doch noch durchsetzen. Dursty und Karneval geht prima zusammen. Was mir sehr gef\u00e4llt: Wie sch\u00f6n brav alle Linien in der gleichen Flucht stehen an diesem strahlend azurblauen Karnevals-Sonntag.<\/p>\n","protected":false},"excerpt":{"rendered":"<p>Was vom Karnevalsumzug \u00fcbrig blieb, ist mindestens so vielf\u00e4ltig und \u00fcberfordernd wie all die anderen Zeichen und Typografien und Graffiti drum herum. Soviel Konfetti wiederum kann gar nicht sein, dass die rechtwinklig aufeinandertreffenden Schilder sich nicht doch noch durchsetzen. Dursty und Karneval geht prima zusammen. Was mir sehr gef\u00e4llt: Wie sch\u00f6n brav alle Linien in<a class=\"more-link\" href=\"https:\/\/www.im-banne-der-sensoren.de\/?p=207\"><span class=\"screen-reader-text\">&#8222;Karnevalsende&#8220;<\/span> weiterlesen<\/a><\/p>\n","protected":false},"author":1,"featured_media":0,"comment_status":"open","ping_status":"open","sticky":false,"template":"","format":"standard","meta":{"footnotes":""},"categories":[1,15,3],"tags":[30,29,213],"class_list":["post-207","post","type-post","status-publish","format-standard","hentry","category-allgemein","category-ausen","category-peter_p","tag-karneval","tag-konfetti","tag-sonne","entry"],"_links":{"self":[{"href":"https:\/\/www.im-banne-der-sensoren.de\/index.php?rest_route=\/wp\/v2\/posts\/207","targetHints":{"allow":["GET"]}}],"collection":[{"href":"https:\/\/www.im-banne-der-sensoren.de\/index.php?rest_route=\/wp\/v2\/posts"}],"about":[{"href":"https:\/\/www.im-banne-der-sensoren.de\/index.php?rest_route=\/wp\/v2\/types\/post"}],"author":[{"embeddable":true,"href":"https:\/\/www.im-banne-der-sensoren.de\/index.php?rest_route=\/wp\/v2\/users\/1"}],"replies":[{"embeddable":true,"href":"https:\/\/www.im-banne-der-sensoren.de\/index.php?rest_route=%2Fwp%2Fv2%2Fcomments&post=207"}],"version-history":[{"count":8,"href":"https:\/\/www.im-banne-der-sensoren.de\/index.php?rest_route=\/wp\/v2\/posts\/207\/revisions"}],"predecessor-version":[{"id":218,"href":"https:\/\/www.im-banne-der-sensoren.de\/index.php?rest_route=\/wp\/v2\/posts\/207\/revisions\/218"}],"wp:attachment":[{"href":"https:\/\/www.im-banne-der-sensoren.de\/index.php?rest_route=%2Fwp%2Fv2%2Fmedia&parent=207"}],"wp:term":[{"taxonomy":"category","embeddable":true,"href":"https:\/\/www.im-banne-der-sensoren.de\/index.php?rest_route=%2Fwp%2Fv2%2Fcategories&post=207"},{"taxonomy":"post_tag","embeddable":true,"href":"https:\/\/www.im-banne-der-sensoren.de\/index.php?rest_route=%2Fwp%2Fv2%2Ftags&post=207"}],"curies":[{"name":"wp","href":"https:\/\/api.w.org\/{rel}","templated":true}]}}