{"id":2061,"date":"2011-08-16T11:54:56","date_gmt":"2011-08-16T09:54:56","guid":{"rendered":"http:\/\/www.im-banne-der-sensoren.de\/?p=2061"},"modified":"2011-08-16T12:14:36","modified_gmt":"2011-08-16T10:14:36","slug":"verweile-doch","status":"publish","type":"post","link":"https:\/\/www.im-banne-der-sensoren.de\/?p=2061","title":{"rendered":"Verweile doch"},"content":{"rendered":"<p><a href=\"http:\/\/www.im-banne-der-sensoren.de\/wp-content\/uploads\/2011\/08\/SDIM2739_gesicht_sw.jpg\"><img decoding=\"async\" class=\"alignnone size-medium wp-image-198\u201c title=\"marmorne sch\u00f6nheit\" src=\"http:\/\/www.im-banne-der-sensoren.de\/wp-content\/uploads\/2011\/08\/SDIM2739_gesicht_sw.jpg\" alt=\"\" width=\"950\" height=\"\u201e633&quot;\" \/><\/a><\/p>\n<p>Eventuell geht\u2019s in meinen n\u00e4chsten Beitr\u00e4gen um Eindr\u00fccke von der Biennale und \u00fcberhaupt aus dem Urlaub Mal sehen. Schon gespannt?<\/p>\n","protected":false},"excerpt":{"rendered":"","protected":false},"author":1,"featured_media":0,"comment_status":"open","ping_status":"open","sticky":false,"template":"","format":"standard","meta":{"footnotes":""},"categories":[15,3,40,124,31],"tags":[],"class_list":["post-2061","post","type-post","status-publish","format-standard","hentry","category-ausen","category-peter_p","category-portrait","category-schwarzweis","category-sonne","entry"],"_links":{"self":[{"href":"https:\/\/www.im-banne-der-sensoren.de\/index.php?rest_route=\/wp\/v2\/posts\/2061","targetHints":{"allow":["GET"]}}],"collection":[{"href":"https:\/\/www.im-banne-der-sensoren.de\/index.php?rest_route=\/wp\/v2\/posts"}],"about":[{"href":"https:\/\/www.im-banne-der-sensoren.de\/index.php?rest_route=\/wp\/v2\/types\/post"}],"author":[{"embeddable":true,"href":"https:\/\/www.im-banne-der-sensoren.de\/index.php?rest_route=\/wp\/v2\/users\/1"}],"replies":[{"embeddable":true,"href":"https:\/\/www.im-banne-der-sensoren.de\/index.php?rest_route=%2Fwp%2Fv2%2Fcomments&post=2061"}],"version-history":[{"count":2,"href":"https:\/\/www.im-banne-der-sensoren.de\/index.php?rest_route=\/wp\/v2\/posts\/2061\/revisions"}],"predecessor-version":[{"id":2063,"href":"https:\/\/www.im-banne-der-sensoren.de\/index.php?rest_route=\/wp\/v2\/posts\/2061\/revisions\/2063"}],"wp:attachment":[{"href":"https:\/\/www.im-banne-der-sensoren.de\/index.php?rest_route=%2Fwp%2Fv2%2Fmedia&parent=2061"}],"wp:term":[{"taxonomy":"category","embeddable":true,"href":"https:\/\/www.im-banne-der-sensoren.de\/index.php?rest_route=%2Fwp%2Fv2%2Fcategories&post=2061"},{"taxonomy":"post_tag","embeddable":true,"href":"https:\/\/www.im-banne-der-sensoren.de\/index.php?rest_route=%2Fwp%2Fv2%2Ftags&post=2061"}],"curies":[{"name":"wp","href":"https:\/\/api.w.org\/{rel}","templated":true}]}}