{"id":2032,"date":"2011-08-13T20:46:49","date_gmt":"2011-08-13T18:46:49","guid":{"rendered":"http:\/\/www.im-banne-der-sensoren.de\/?p=2032"},"modified":"2011-08-14T13:42:24","modified_gmt":"2011-08-14T11:42:24","slug":"emma","status":"publish","type":"post","link":"https:\/\/www.im-banne-der-sensoren.de\/?p=2032","title":{"rendered":"Emma"},"content":{"rendered":"<p><a href=\"http:\/\/www.im-banne-der-sensoren.de\/wp-content\/uploads\/2011\/08\/0133_Emma.jpg\"><img loading=\"lazy\" decoding=\"async\" class=\"alignnone size-medium wp-image-2033\" title=\"0133_Emma\" src=\"http:\/\/www.im-banne-der-sensoren.de\/wp-content\/uploads\/2011\/08\/0133_Emma-590x887.jpg\" alt=\"\" width=\"354\" height=\"532\" srcset=\"https:\/\/www.im-banne-der-sensoren.de\/wp-content\/uploads\/2011\/08\/0133_Emma-590x887.jpg 590w, https:\/\/www.im-banne-der-sensoren.de\/wp-content\/uploads\/2011\/08\/0133_Emma.jpg 598w\" sizes=\"auto, (max-width: 354px) 100vw, 354px\" \/><\/a><\/p>\n<p>In den Ferien sind die Sitten lockerer. Wir begr\u00fc\u00dfen also im<br \/>\nSigma-Blog ein Resultat der Ricoh GR II, 28mm Brennweite,<br \/>\nmit einem Vorsatzglas auf 40mm verl\u00e4ngert. Ihr Minisensor,<br \/>\nkaum gr\u00f6\u00dfer als ein kleiner Fingernagel, zeichnet eher malerisch.<br \/>\nEmma hat ein blaues und ein braunes Auge, das wird oft bemerkt<br \/>\nund Emma ist entsprechend routiniert im Herzeigen.<\/p>\n","protected":false},"excerpt":{"rendered":"<p>In den Ferien sind die Sitten lockerer. Wir begr\u00fc\u00dfen also im Sigma-Blog ein Resultat der Ricoh GR II, 28mm Brennweite, mit einem Vorsatzglas auf 40mm verl\u00e4ngert. Ihr Minisensor, kaum gr\u00f6\u00dfer als ein kleiner Fingernagel, zeichnet eher malerisch. Emma hat ein blaues und ein braunes Auge, das wird oft bemerkt und Emma ist entsprechend routiniert im<a class=\"more-link\" href=\"https:\/\/www.im-banne-der-sensoren.de\/?p=2032\"><span class=\"screen-reader-text\">&#8222;Emma&#8220;<\/span> weiterlesen<\/a><\/p>\n","protected":false},"author":3,"featured_media":0,"comment_status":"open","ping_status":"open","sticky":false,"template":"","format":"standard","meta":{"footnotes":""},"categories":[1,15,4,134,40,112],"tags":[],"class_list":["post-2032","post","type-post","status-publish","format-standard","hentry","category-allgemein","category-ausen","category-christoph","category-fremdsensor","category-portrait","category-tiere","entry"],"_links":{"self":[{"href":"https:\/\/www.im-banne-der-sensoren.de\/index.php?rest_route=\/wp\/v2\/posts\/2032","targetHints":{"allow":["GET"]}}],"collection":[{"href":"https:\/\/www.im-banne-der-sensoren.de\/index.php?rest_route=\/wp\/v2\/posts"}],"about":[{"href":"https:\/\/www.im-banne-der-sensoren.de\/index.php?rest_route=\/wp\/v2\/types\/post"}],"author":[{"embeddable":true,"href":"https:\/\/www.im-banne-der-sensoren.de\/index.php?rest_route=\/wp\/v2\/users\/3"}],"replies":[{"embeddable":true,"href":"https:\/\/www.im-banne-der-sensoren.de\/index.php?rest_route=%2Fwp%2Fv2%2Fcomments&post=2032"}],"version-history":[{"count":4,"href":"https:\/\/www.im-banne-der-sensoren.de\/index.php?rest_route=\/wp\/v2\/posts\/2032\/revisions"}],"predecessor-version":[{"id":2039,"href":"https:\/\/www.im-banne-der-sensoren.de\/index.php?rest_route=\/wp\/v2\/posts\/2032\/revisions\/2039"}],"wp:attachment":[{"href":"https:\/\/www.im-banne-der-sensoren.de\/index.php?rest_route=%2Fwp%2Fv2%2Fmedia&parent=2032"}],"wp:term":[{"taxonomy":"category","embeddable":true,"href":"https:\/\/www.im-banne-der-sensoren.de\/index.php?rest_route=%2Fwp%2Fv2%2Fcategories&post=2032"},{"taxonomy":"post_tag","embeddable":true,"href":"https:\/\/www.im-banne-der-sensoren.de\/index.php?rest_route=%2Fwp%2Fv2%2Ftags&post=2032"}],"curies":[{"name":"wp","href":"https:\/\/api.w.org\/{rel}","templated":true}]}}