{"id":19764,"date":"2018-11-03T10:41:46","date_gmt":"2018-11-03T09:41:46","guid":{"rendered":"http:\/\/www.im-banne-der-sensoren.de\/?p=19764"},"modified":"2018-11-03T10:41:46","modified_gmt":"2018-11-03T09:41:46","slug":"herbst-die-voegel-verlieren-ihre-fuesse","status":"publish","type":"post","link":"https:\/\/www.im-banne-der-sensoren.de\/?p=19764","title":{"rendered":"Herbst: Die V\u00f6gel verlieren ihre F\u00fc\u00dfe"},"content":{"rendered":"<p><a href=\"http:\/\/www.im-banne-der-sensoren.de\/wp-content\/uploads\/2018\/11\/IMG_1284.jpg\"><img loading=\"lazy\" decoding=\"async\" src=\"http:\/\/www.im-banne-der-sensoren.de\/wp-content\/uploads\/2018\/11\/IMG_1284.jpg\" alt=\"\" width=\"333\" height=\"500\" class=\"alignnone size-full wp-image-19765\" \/><\/a><\/p>\n","protected":false},"excerpt":{"rendered":"","protected":false},"author":1,"featured_media":0,"comment_status":"open","ping_status":"open","sticky":false,"template":"","format":"standard","meta":{"footnotes":""},"categories":[15,246,3,19,138,112],"tags":[],"class_list":["post-19764","post","type-post","status-publish","format-standard","hentry","category-ausen","category-herbst","category-peter_p","category-pflanze","category-strase","category-tiere","entry"],"_links":{"self":[{"href":"https:\/\/www.im-banne-der-sensoren.de\/index.php?rest_route=\/wp\/v2\/posts\/19764","targetHints":{"allow":["GET"]}}],"collection":[{"href":"https:\/\/www.im-banne-der-sensoren.de\/index.php?rest_route=\/wp\/v2\/posts"}],"about":[{"href":"https:\/\/www.im-banne-der-sensoren.de\/index.php?rest_route=\/wp\/v2\/types\/post"}],"author":[{"embeddable":true,"href":"https:\/\/www.im-banne-der-sensoren.de\/index.php?rest_route=\/wp\/v2\/users\/1"}],"replies":[{"embeddable":true,"href":"https:\/\/www.im-banne-der-sensoren.de\/index.php?rest_route=%2Fwp%2Fv2%2Fcomments&post=19764"}],"version-history":[{"count":1,"href":"https:\/\/www.im-banne-der-sensoren.de\/index.php?rest_route=\/wp\/v2\/posts\/19764\/revisions"}],"predecessor-version":[{"id":19767,"href":"https:\/\/www.im-banne-der-sensoren.de\/index.php?rest_route=\/wp\/v2\/posts\/19764\/revisions\/19767"}],"wp:attachment":[{"href":"https:\/\/www.im-banne-der-sensoren.de\/index.php?rest_route=%2Fwp%2Fv2%2Fmedia&parent=19764"}],"wp:term":[{"taxonomy":"category","embeddable":true,"href":"https:\/\/www.im-banne-der-sensoren.de\/index.php?rest_route=%2Fwp%2Fv2%2Fcategories&post=19764"},{"taxonomy":"post_tag","embeddable":true,"href":"https:\/\/www.im-banne-der-sensoren.de\/index.php?rest_route=%2Fwp%2Fv2%2Ftags&post=19764"}],"curies":[{"name":"wp","href":"https:\/\/api.w.org\/{rel}","templated":true}]}}