{"id":19557,"date":"2018-09-08T10:53:58","date_gmt":"2018-09-08T08:53:58","guid":{"rendered":"http:\/\/www.im-banne-der-sensoren.de\/?p=19557"},"modified":"2018-09-08T10:53:58","modified_gmt":"2018-09-08T08:53:58","slug":"in-freier-wildbahn","status":"publish","type":"post","link":"https:\/\/www.im-banne-der-sensoren.de\/?p=19557","title":{"rendered":"In freier Wildbahn"},"content":{"rendered":"<p><a href=\"http:\/\/www.im-banne-der-sensoren.de\/wp-content\/uploads\/2018\/09\/IMG_0851.jpg\"><img loading=\"lazy\" decoding=\"async\" src=\"http:\/\/www.im-banne-der-sensoren.de\/wp-content\/uploads\/2018\/09\/IMG_0851.jpg\" alt=\"\" width=\"333\" height=\"500\" class=\"alignnone size-full wp-image-19558\" \/><\/a><br \/>\nWerbung ist auch m\u00f6glich am \u00f6ffentlichkeitsunwirksamsten Ort der Stadt. Direkt vor dem kleinen Theater, an einer Sackgassenauffahrt in den Wald, erkennt so das Ensemble bei t\u00e4glichen Proben: Bald treten wir auf. (Wer auf dem Plakat einen wei\u00dfen Hasen sieht, ben\u00f6tigt dringend professionelle Hilfe.)<\/p>\n","protected":false},"excerpt":{"rendered":"<p>Werbung ist auch m\u00f6glich am \u00f6ffentlichkeitsunwirksamsten Ort der Stadt. Direkt vor dem kleinen Theater, an einer Sackgassenauffahrt in den Wald, erkennt so das Ensemble bei t\u00e4glichen Proben: Bald treten wir auf. (Wer auf dem Plakat einen wei\u00dfen Hasen sieht, ben\u00f6tigt dringend professionelle Hilfe.)<\/p>\n","protected":false},"author":1,"featured_media":0,"comment_status":"open","ping_status":"open","sticky":false,"template":"","format":"standard","meta":{"footnotes":""},"categories":[15,3,52],"tags":[],"class_list":["post-19557","post","type-post","status-publish","format-standard","hentry","category-ausen","category-peter_p","category-theater","entry"],"_links":{"self":[{"href":"https:\/\/www.im-banne-der-sensoren.de\/index.php?rest_route=\/wp\/v2\/posts\/19557","targetHints":{"allow":["GET"]}}],"collection":[{"href":"https:\/\/www.im-banne-der-sensoren.de\/index.php?rest_route=\/wp\/v2\/posts"}],"about":[{"href":"https:\/\/www.im-banne-der-sensoren.de\/index.php?rest_route=\/wp\/v2\/types\/post"}],"author":[{"embeddable":true,"href":"https:\/\/www.im-banne-der-sensoren.de\/index.php?rest_route=\/wp\/v2\/users\/1"}],"replies":[{"embeddable":true,"href":"https:\/\/www.im-banne-der-sensoren.de\/index.php?rest_route=%2Fwp%2Fv2%2Fcomments&post=19557"}],"version-history":[{"count":1,"href":"https:\/\/www.im-banne-der-sensoren.de\/index.php?rest_route=\/wp\/v2\/posts\/19557\/revisions"}],"predecessor-version":[{"id":19560,"href":"https:\/\/www.im-banne-der-sensoren.de\/index.php?rest_route=\/wp\/v2\/posts\/19557\/revisions\/19560"}],"wp:attachment":[{"href":"https:\/\/www.im-banne-der-sensoren.de\/index.php?rest_route=%2Fwp%2Fv2%2Fmedia&parent=19557"}],"wp:term":[{"taxonomy":"category","embeddable":true,"href":"https:\/\/www.im-banne-der-sensoren.de\/index.php?rest_route=%2Fwp%2Fv2%2Fcategories&post=19557"},{"taxonomy":"post_tag","embeddable":true,"href":"https:\/\/www.im-banne-der-sensoren.de\/index.php?rest_route=%2Fwp%2Fv2%2Ftags&post=19557"}],"curies":[{"name":"wp","href":"https:\/\/api.w.org\/{rel}","templated":true}]}}