{"id":19519,"date":"2018-08-20T21:53:40","date_gmt":"2018-08-20T19:53:40","guid":{"rendered":"http:\/\/www.im-banne-der-sensoren.de\/?p=19519"},"modified":"2018-08-20T21:53:40","modified_gmt":"2018-08-20T19:53:40","slug":"fraxinus","status":"publish","type":"post","link":"https:\/\/www.im-banne-der-sensoren.de\/?p=19519","title":{"rendered":"Fraxinus"},"content":{"rendered":"<p><a href=\"http:\/\/www.im-banne-der-sensoren.de\/wp-content\/uploads\/2018\/08\/R0029947.jpg\"><img loading=\"lazy\" decoding=\"async\" class=\"alignnone size-medium wp-image-19520\" src=\"http:\/\/www.im-banne-der-sensoren.de\/wp-content\/uploads\/2018\/08\/R0029947-500x333.jpg\" alt=\"\" width=\"500\" height=\"333\" srcset=\"https:\/\/www.im-banne-der-sensoren.de\/wp-content\/uploads\/2018\/08\/R0029947-500x333.jpg 500w, https:\/\/www.im-banne-der-sensoren.de\/wp-content\/uploads\/2018\/08\/R0029947-768x512.jpg 768w, https:\/\/www.im-banne-der-sensoren.de\/wp-content\/uploads\/2018\/08\/R0029947.jpg 900w\" sizes=\"auto, (max-width: 500px) 100vw, 500px\" \/><\/a><\/p>\n<p>Lateinische Namen zu kennen, mag angeberisch r\u00fcberkommen. Ich meine es aber<br \/>\nnicht so, es scheint etwas her\u00fcber aus einer anderen Sph\u00e4re mit dieser Benennung<br \/>\nder Esche.<\/p>\n","protected":false},"excerpt":{"rendered":"<p>Lateinische Namen zu kennen, mag angeberisch r\u00fcberkommen. Ich meine es aber nicht so, es scheint etwas her\u00fcber aus einer anderen Sph\u00e4re mit dieser Benennung der Esche.<\/p>\n","protected":false},"author":3,"featured_media":0,"comment_status":"open","ping_status":"open","sticky":false,"template":"","format":"standard","meta":{"footnotes":""},"categories":[1],"tags":[],"class_list":["post-19519","post","type-post","status-publish","format-standard","hentry","category-allgemein","entry"],"_links":{"self":[{"href":"https:\/\/www.im-banne-der-sensoren.de\/index.php?rest_route=\/wp\/v2\/posts\/19519","targetHints":{"allow":["GET"]}}],"collection":[{"href":"https:\/\/www.im-banne-der-sensoren.de\/index.php?rest_route=\/wp\/v2\/posts"}],"about":[{"href":"https:\/\/www.im-banne-der-sensoren.de\/index.php?rest_route=\/wp\/v2\/types\/post"}],"author":[{"embeddable":true,"href":"https:\/\/www.im-banne-der-sensoren.de\/index.php?rest_route=\/wp\/v2\/users\/3"}],"replies":[{"embeddable":true,"href":"https:\/\/www.im-banne-der-sensoren.de\/index.php?rest_route=%2Fwp%2Fv2%2Fcomments&post=19519"}],"version-history":[{"count":1,"href":"https:\/\/www.im-banne-der-sensoren.de\/index.php?rest_route=\/wp\/v2\/posts\/19519\/revisions"}],"predecessor-version":[{"id":19521,"href":"https:\/\/www.im-banne-der-sensoren.de\/index.php?rest_route=\/wp\/v2\/posts\/19519\/revisions\/19521"}],"wp:attachment":[{"href":"https:\/\/www.im-banne-der-sensoren.de\/index.php?rest_route=%2Fwp%2Fv2%2Fmedia&parent=19519"}],"wp:term":[{"taxonomy":"category","embeddable":true,"href":"https:\/\/www.im-banne-der-sensoren.de\/index.php?rest_route=%2Fwp%2Fv2%2Fcategories&post=19519"},{"taxonomy":"post_tag","embeddable":true,"href":"https:\/\/www.im-banne-der-sensoren.de\/index.php?rest_route=%2Fwp%2Fv2%2Ftags&post=19519"}],"curies":[{"name":"wp","href":"https:\/\/api.w.org\/{rel}","templated":true}]}}