{"id":19487,"date":"2018-08-13T08:57:46","date_gmt":"2018-08-13T06:57:46","guid":{"rendered":"http:\/\/www.im-banne-der-sensoren.de\/?p=19487"},"modified":"2018-08-13T08:58:26","modified_gmt":"2018-08-13T06:58:26","slug":"am-fruehen-morgen","status":"publish","type":"post","link":"https:\/\/www.im-banne-der-sensoren.de\/?p=19487","title":{"rendered":"Am fr\u00fchen Morgen"},"content":{"rendered":"<p><a href=\"http:\/\/www.im-banne-der-sensoren.de\/wp-content\/uploads\/2018\/08\/DSC05909.jpg\"><img loading=\"lazy\" decoding=\"async\" src=\"http:\/\/www.im-banne-der-sensoren.de\/wp-content\/uploads\/2018\/08\/DSC05909.jpg\" alt=\"\" width=\"950\" height=\"633\" class=\"alignnone size-full wp-image-19488\" srcset=\"https:\/\/www.im-banne-der-sensoren.de\/wp-content\/uploads\/2018\/08\/DSC05909.jpg 950w, https:\/\/www.im-banne-der-sensoren.de\/wp-content\/uploads\/2018\/08\/DSC05909-500x333.jpg 500w, https:\/\/www.im-banne-der-sensoren.de\/wp-content\/uploads\/2018\/08\/DSC05909-768x512.jpg 768w, https:\/\/www.im-banne-der-sensoren.de\/wp-content\/uploads\/2018\/08\/DSC05909-900x600.jpg 900w\" sizes=\"auto, (max-width: 950px) 100vw, 950px\" \/><\/a><br \/>\nSo ein Mist, ich vernachl\u00e4ssige diese sch\u00f6ne Sache hier momentan viel zu sehr. Das abgebildete Motiv zeigt jedoch weder den Grund daf\u00fcr, noch ist es Ausdruck meiner Verzweiflung. Nein, nein \u2013 meine Verzweiflung dar\u00fcber symbolisiere ich viel verst\u00e4ndlicher, indem ich anmerke, dass ich mir zur Strafe den Gebetsriemen ein weiteres Loch enger um den Schenkel gespannt habe.<\/p>\n","protected":false},"excerpt":{"rendered":"<p>So ein Mist, ich vernachl\u00e4ssige diese sch\u00f6ne Sache hier momentan viel zu sehr. Das abgebildete Motiv zeigt jedoch weder den Grund daf\u00fcr, noch ist es Ausdruck meiner Verzweiflung. Nein, nein \u2013 meine Verzweiflung dar\u00fcber symbolisiere ich viel verst\u00e4ndlicher, indem ich anmerke, dass ich mir zur Strafe den Gebetsriemen ein weiteres Loch enger um den Schenkel<a class=\"more-link\" href=\"https:\/\/www.im-banne-der-sensoren.de\/?p=19487\"><span class=\"screen-reader-text\">&#8222;Am fr\u00fchen Morgen&#8220;<\/span> weiterlesen<\/a><\/p>\n","protected":false},"author":1,"featured_media":0,"comment_status":"open","ping_status":"open","sticky":false,"template":"","format":"standard","meta":{"footnotes":""},"categories":[20,3],"tags":[],"class_list":["post-19487","post","type-post","status-publish","format-standard","hentry","category-innen","category-peter_p","entry"],"_links":{"self":[{"href":"https:\/\/www.im-banne-der-sensoren.de\/index.php?rest_route=\/wp\/v2\/posts\/19487","targetHints":{"allow":["GET"]}}],"collection":[{"href":"https:\/\/www.im-banne-der-sensoren.de\/index.php?rest_route=\/wp\/v2\/posts"}],"about":[{"href":"https:\/\/www.im-banne-der-sensoren.de\/index.php?rest_route=\/wp\/v2\/types\/post"}],"author":[{"embeddable":true,"href":"https:\/\/www.im-banne-der-sensoren.de\/index.php?rest_route=\/wp\/v2\/users\/1"}],"replies":[{"embeddable":true,"href":"https:\/\/www.im-banne-der-sensoren.de\/index.php?rest_route=%2Fwp%2Fv2%2Fcomments&post=19487"}],"version-history":[{"count":2,"href":"https:\/\/www.im-banne-der-sensoren.de\/index.php?rest_route=\/wp\/v2\/posts\/19487\/revisions"}],"predecessor-version":[{"id":19490,"href":"https:\/\/www.im-banne-der-sensoren.de\/index.php?rest_route=\/wp\/v2\/posts\/19487\/revisions\/19490"}],"wp:attachment":[{"href":"https:\/\/www.im-banne-der-sensoren.de\/index.php?rest_route=%2Fwp%2Fv2%2Fmedia&parent=19487"}],"wp:term":[{"taxonomy":"category","embeddable":true,"href":"https:\/\/www.im-banne-der-sensoren.de\/index.php?rest_route=%2Fwp%2Fv2%2Fcategories&post=19487"},{"taxonomy":"post_tag","embeddable":true,"href":"https:\/\/www.im-banne-der-sensoren.de\/index.php?rest_route=%2Fwp%2Fv2%2Ftags&post=19487"}],"curies":[{"name":"wp","href":"https:\/\/api.w.org\/{rel}","templated":true}]}}