{"id":18128,"date":"2017-12-08T08:21:31","date_gmt":"2017-12-08T07:21:31","guid":{"rendered":"http:\/\/www.im-banne-der-sensoren.de\/?p=18128"},"modified":"2017-12-08T08:21:31","modified_gmt":"2017-12-08T07:21:31","slug":"bjoern-wuerde-irritiert-einnaessen","status":"publish","type":"post","link":"https:\/\/www.im-banne-der-sensoren.de\/?p=18128","title":{"rendered":"Bj\u00f6rn w\u00fcrde irritiert einn\u00e4ssen"},"content":{"rendered":"<p><a href=\"http:\/\/www.im-banne-der-sensoren.de\/wp-content\/uploads\/2017\/12\/DSC04979.jpg\"><img loading=\"lazy\" decoding=\"async\" src=\"http:\/\/www.im-banne-der-sensoren.de\/wp-content\/uploads\/2017\/12\/DSC04979.jpg\" alt=\"\" width=\"950\" height=\"633\" class=\"alignnone size-full wp-image-18129\" srcset=\"https:\/\/www.im-banne-der-sensoren.de\/wp-content\/uploads\/2017\/12\/DSC04979.jpg 950w, https:\/\/www.im-banne-der-sensoren.de\/wp-content\/uploads\/2017\/12\/DSC04979-500x333.jpg 500w, https:\/\/www.im-banne-der-sensoren.de\/wp-content\/uploads\/2017\/12\/DSC04979-768x512.jpg 768w, https:\/\/www.im-banne-der-sensoren.de\/wp-content\/uploads\/2017\/12\/DSC04979-900x600.jpg 900w\" sizes=\"auto, (max-width: 950px) 100vw, 950px\" \/><\/a><br \/>\n&#8230; dabei handelt es sich doch um eine Fotografie der prima Installation <strong>Seven Times<\/strong> von Idris Khan, die aktuell im Schauraum der Galerie Thomas Schulte in Berlin zu sehen ist.<\/p>\n","protected":false},"excerpt":{"rendered":"<p>&#8230; dabei handelt es sich doch um eine Fotografie der prima Installation Seven Times von Idris Khan, die aktuell im Schauraum der Galerie Thomas Schulte in Berlin zu sehen ist.<\/p>\n","protected":false},"author":1,"featured_media":0,"comment_status":"open","ping_status":"open","sticky":false,"template":"","format":"standard","meta":{"footnotes":""},"categories":[204,163,173,8,3,205,168],"tags":[],"class_list":["post-18128","post","type-post","status-publish","format-standard","hentry","category-ausstellung","category-berlin","category-kunst","category-licht","category-peter_p","category-schaufenster","category-spiegelung","entry"],"_links":{"self":[{"href":"https:\/\/www.im-banne-der-sensoren.de\/index.php?rest_route=\/wp\/v2\/posts\/18128","targetHints":{"allow":["GET"]}}],"collection":[{"href":"https:\/\/www.im-banne-der-sensoren.de\/index.php?rest_route=\/wp\/v2\/posts"}],"about":[{"href":"https:\/\/www.im-banne-der-sensoren.de\/index.php?rest_route=\/wp\/v2\/types\/post"}],"author":[{"embeddable":true,"href":"https:\/\/www.im-banne-der-sensoren.de\/index.php?rest_route=\/wp\/v2\/users\/1"}],"replies":[{"embeddable":true,"href":"https:\/\/www.im-banne-der-sensoren.de\/index.php?rest_route=%2Fwp%2Fv2%2Fcomments&post=18128"}],"version-history":[{"count":1,"href":"https:\/\/www.im-banne-der-sensoren.de\/index.php?rest_route=\/wp\/v2\/posts\/18128\/revisions"}],"predecessor-version":[{"id":18130,"href":"https:\/\/www.im-banne-der-sensoren.de\/index.php?rest_route=\/wp\/v2\/posts\/18128\/revisions\/18130"}],"wp:attachment":[{"href":"https:\/\/www.im-banne-der-sensoren.de\/index.php?rest_route=%2Fwp%2Fv2%2Fmedia&parent=18128"}],"wp:term":[{"taxonomy":"category","embeddable":true,"href":"https:\/\/www.im-banne-der-sensoren.de\/index.php?rest_route=%2Fwp%2Fv2%2Fcategories&post=18128"},{"taxonomy":"post_tag","embeddable":true,"href":"https:\/\/www.im-banne-der-sensoren.de\/index.php?rest_route=%2Fwp%2Fv2%2Ftags&post=18128"}],"curies":[{"name":"wp","href":"https:\/\/api.w.org\/{rel}","templated":true}]}}