{"id":1778,"date":"2011-07-11T06:45:11","date_gmt":"2011-07-11T04:45:11","guid":{"rendered":"http:\/\/www.im-banne-der-sensoren.de\/?p=1778"},"modified":"2011-07-11T06:45:11","modified_gmt":"2011-07-11T04:45:11","slug":"apfel-und-kirsche","status":"publish","type":"post","link":"https:\/\/www.im-banne-der-sensoren.de\/?p=1778","title":{"rendered":"Apfel und Kirsche"},"content":{"rendered":"<p><a href=\"http:\/\/www.im-banne-der-sensoren.de\/wp-content\/uploads\/2011\/07\/0109_Dialog.jpg\"><img loading=\"lazy\" decoding=\"async\" class=\"alignnone size-medium wp-image-1779\" title=\"0109_Dialog\" src=\"http:\/\/www.im-banne-der-sensoren.de\/wp-content\/uploads\/2011\/07\/0109_Dialog-590x887.jpg\" alt=\"\" width=\"354\" height=\"532\" srcset=\"https:\/\/www.im-banne-der-sensoren.de\/wp-content\/uploads\/2011\/07\/0109_Dialog-590x887.jpg 590w, https:\/\/www.im-banne-der-sensoren.de\/wp-content\/uploads\/2011\/07\/0109_Dialog.jpg 598w\" sizes=\"auto, (max-width: 354px) 100vw, 354px\" \/><\/a><\/p>\n<p>Nicht gerade Bauhaus\u00e4sthetik, welche die \u00c4pfel umgibt.<br \/>\nDiese scheinen sich aber trotzdem wohlzuf\u00fchlen.<\/p>\n","protected":false},"excerpt":{"rendered":"<p>Nicht gerade Bauhaus\u00e4sthetik, welche die \u00c4pfel umgibt. Diese scheinen sich aber trotzdem wohlzuf\u00fchlen.<\/p>\n","protected":false},"author":3,"featured_media":0,"comment_status":"open","ping_status":"open","sticky":false,"template":"","format":"standard","meta":{"footnotes":""},"categories":[1],"tags":[],"class_list":["post-1778","post","type-post","status-publish","format-standard","hentry","category-allgemein","entry"],"_links":{"self":[{"href":"https:\/\/www.im-banne-der-sensoren.de\/index.php?rest_route=\/wp\/v2\/posts\/1778","targetHints":{"allow":["GET"]}}],"collection":[{"href":"https:\/\/www.im-banne-der-sensoren.de\/index.php?rest_route=\/wp\/v2\/posts"}],"about":[{"href":"https:\/\/www.im-banne-der-sensoren.de\/index.php?rest_route=\/wp\/v2\/types\/post"}],"author":[{"embeddable":true,"href":"https:\/\/www.im-banne-der-sensoren.de\/index.php?rest_route=\/wp\/v2\/users\/3"}],"replies":[{"embeddable":true,"href":"https:\/\/www.im-banne-der-sensoren.de\/index.php?rest_route=%2Fwp%2Fv2%2Fcomments&post=1778"}],"version-history":[{"count":9,"href":"https:\/\/www.im-banne-der-sensoren.de\/index.php?rest_route=\/wp\/v2\/posts\/1778\/revisions"}],"predecessor-version":[{"id":1788,"href":"https:\/\/www.im-banne-der-sensoren.de\/index.php?rest_route=\/wp\/v2\/posts\/1778\/revisions\/1788"}],"wp:attachment":[{"href":"https:\/\/www.im-banne-der-sensoren.de\/index.php?rest_route=%2Fwp%2Fv2%2Fmedia&parent=1778"}],"wp:term":[{"taxonomy":"category","embeddable":true,"href":"https:\/\/www.im-banne-der-sensoren.de\/index.php?rest_route=%2Fwp%2Fv2%2Fcategories&post=1778"},{"taxonomy":"post_tag","embeddable":true,"href":"https:\/\/www.im-banne-der-sensoren.de\/index.php?rest_route=%2Fwp%2Fv2%2Ftags&post=1778"}],"curies":[{"name":"wp","href":"https:\/\/api.w.org\/{rel}","templated":true}]}}