{"id":1725,"date":"2011-07-07T07:19:11","date_gmt":"2011-07-07T05:19:11","guid":{"rendered":"http:\/\/www.im-banne-der-sensoren.de\/?p=1725"},"modified":"2011-07-07T07:19:11","modified_gmt":"2011-07-07T05:19:11","slug":"the-loss-of-durchblick","status":"publish","type":"post","link":"https:\/\/www.im-banne-der-sensoren.de\/?p=1725","title":{"rendered":"The loss of Durchblick"},"content":{"rendered":"<p><a href=\"http:\/\/www.im-banne-der-sensoren.de\/wp-content\/uploads\/2011\/07\/SDIM0848_fenster.jpg\"><img decoding=\"async\" class=\"alignnone size-medium wp-image-198\u201c title=\"who is where?\" src=\"http:\/\/www.im-banne-der-sensoren.de\/wp-content\/uploads\/2011\/07\/SDIM0848_fenster.jpg\" alt=\"\" width=\"950\" height=\"\u201e633&quot;\" \/><\/a><\/p>\n<p>Aus einer fr\u00fchen Serie, bei der ich das Erscheinen der r\u00fcckw\u00e4rtigen Gegenwart in der vor mir liegenden festzuhalten suchte. Aber ach, theoretischer Klimbim, reinstes Bimbam!<\/p>\n","protected":false},"excerpt":{"rendered":"","protected":false},"author":1,"featured_media":0,"comment_status":"open","ping_status":"open","sticky":false,"template":"","format":"standard","meta":{"footnotes":""},"categories":[15,116,20,51,3],"tags":[],"class_list":["post-1725","post","type-post","status-publish","format-standard","hentry","category-ausen","category-dunkel","category-innen","category-langzeitbelichtung","category-peter_p","entry"],"_links":{"self":[{"href":"https:\/\/www.im-banne-der-sensoren.de\/index.php?rest_route=\/wp\/v2\/posts\/1725","targetHints":{"allow":["GET"]}}],"collection":[{"href":"https:\/\/www.im-banne-der-sensoren.de\/index.php?rest_route=\/wp\/v2\/posts"}],"about":[{"href":"https:\/\/www.im-banne-der-sensoren.de\/index.php?rest_route=\/wp\/v2\/types\/post"}],"author":[{"embeddable":true,"href":"https:\/\/www.im-banne-der-sensoren.de\/index.php?rest_route=\/wp\/v2\/users\/1"}],"replies":[{"embeddable":true,"href":"https:\/\/www.im-banne-der-sensoren.de\/index.php?rest_route=%2Fwp%2Fv2%2Fcomments&post=1725"}],"version-history":[{"count":1,"href":"https:\/\/www.im-banne-der-sensoren.de\/index.php?rest_route=\/wp\/v2\/posts\/1725\/revisions"}],"predecessor-version":[{"id":1727,"href":"https:\/\/www.im-banne-der-sensoren.de\/index.php?rest_route=\/wp\/v2\/posts\/1725\/revisions\/1727"}],"wp:attachment":[{"href":"https:\/\/www.im-banne-der-sensoren.de\/index.php?rest_route=%2Fwp%2Fv2%2Fmedia&parent=1725"}],"wp:term":[{"taxonomy":"category","embeddable":true,"href":"https:\/\/www.im-banne-der-sensoren.de\/index.php?rest_route=%2Fwp%2Fv2%2Fcategories&post=1725"},{"taxonomy":"post_tag","embeddable":true,"href":"https:\/\/www.im-banne-der-sensoren.de\/index.php?rest_route=%2Fwp%2Fv2%2Ftags&post=1725"}],"curies":[{"name":"wp","href":"https:\/\/api.w.org\/{rel}","templated":true}]}}