{"id":1707,"date":"2011-07-06T07:30:21","date_gmt":"2011-07-06T05:30:21","guid":{"rendered":"http:\/\/www.im-banne-der-sensoren.de\/?p=1707"},"modified":"2011-07-08T07:35:24","modified_gmt":"2011-07-08T05:35:24","slug":"spater-feuerwerk","status":"publish","type":"post","link":"https:\/\/www.im-banne-der-sensoren.de\/?p=1707","title":{"rendered":"Sp\u00e4ter: Feuerwerk."},"content":{"rendered":"<p><a href=\"http:\/\/www.im-banne-der-sensoren.de\/wp-content\/uploads\/2011\/07\/SDIM0133_hemer.jpg\"><img decoding=\"async\" class=\"alignnone size-medium wp-image-198\u201c title=\"heimliche aufregung\" src=\"http:\/\/www.im-banne-der-sensoren.de\/wp-content\/uploads\/2011\/07\/SDIM0133_hemer.jpg\" alt=\"\" width=\"950\" height=\"\u201e633&quot;\" \/><\/a><\/p>\n<p>Auf dem Weg zur Landesgartenschau. Es d\u00e4mmert und ist bereits sehr k\u00fchl.  K\u00e4ppchen, dicke Jacke. Frau Mam\u00e1 vorneweg. Es stehen Kl\u00e4nge eines Sinfonieorchesters auf dem Programm. Unter klarem offenen Himmel. Sp\u00e4ter: Feuerwerk. Wohl dem, der sich ein Deckchen mitgebracht hatte. Wir: waren schlecht vorbereitet.<\/p>\n","protected":false},"excerpt":{"rendered":"","protected":false},"author":1,"featured_media":0,"comment_status":"open","ping_status":"open","sticky":false,"template":"","format":"standard","meta":{"footnotes":""},"categories":[15,116,51,3],"tags":[],"class_list":["post-1707","post","type-post","status-publish","format-standard","hentry","category-ausen","category-dunkel","category-langzeitbelichtung","category-peter_p","entry"],"_links":{"self":[{"href":"https:\/\/www.im-banne-der-sensoren.de\/index.php?rest_route=\/wp\/v2\/posts\/1707","targetHints":{"allow":["GET"]}}],"collection":[{"href":"https:\/\/www.im-banne-der-sensoren.de\/index.php?rest_route=\/wp\/v2\/posts"}],"about":[{"href":"https:\/\/www.im-banne-der-sensoren.de\/index.php?rest_route=\/wp\/v2\/types\/post"}],"author":[{"embeddable":true,"href":"https:\/\/www.im-banne-der-sensoren.de\/index.php?rest_route=\/wp\/v2\/users\/1"}],"replies":[{"embeddable":true,"href":"https:\/\/www.im-banne-der-sensoren.de\/index.php?rest_route=%2Fwp%2Fv2%2Fcomments&post=1707"}],"version-history":[{"count":4,"href":"https:\/\/www.im-banne-der-sensoren.de\/index.php?rest_route=\/wp\/v2\/posts\/1707\/revisions"}],"predecessor-version":[{"id":1747,"href":"https:\/\/www.im-banne-der-sensoren.de\/index.php?rest_route=\/wp\/v2\/posts\/1707\/revisions\/1747"}],"wp:attachment":[{"href":"https:\/\/www.im-banne-der-sensoren.de\/index.php?rest_route=%2Fwp%2Fv2%2Fmedia&parent=1707"}],"wp:term":[{"taxonomy":"category","embeddable":true,"href":"https:\/\/www.im-banne-der-sensoren.de\/index.php?rest_route=%2Fwp%2Fv2%2Fcategories&post=1707"},{"taxonomy":"post_tag","embeddable":true,"href":"https:\/\/www.im-banne-der-sensoren.de\/index.php?rest_route=%2Fwp%2Fv2%2Ftags&post=1707"}],"curies":[{"name":"wp","href":"https:\/\/api.w.org\/{rel}","templated":true}]}}