{"id":1694,"date":"2011-07-06T06:48:09","date_gmt":"2011-07-06T04:48:09","guid":{"rendered":"http:\/\/www.im-banne-der-sensoren.de\/?p=1694"},"modified":"2011-07-06T06:48:09","modified_gmt":"2011-07-06T04:48:09","slug":"ein-blumenstraus-von-zelig","status":"publish","type":"post","link":"https:\/\/www.im-banne-der-sensoren.de\/?p=1694","title":{"rendered":"Ein Blumenstrau\u00df von Zelig"},"content":{"rendered":"<p><a href=\"http:\/\/www.im-banne-der-sensoren.de\/wp-content\/uploads\/2011\/07\/0104_Copper.jpg\"><img loading=\"lazy\" decoding=\"async\" class=\"alignnone size-medium wp-image-1695\" title=\"0104_Copper\" src=\"http:\/\/www.im-banne-der-sensoren.de\/wp-content\/uploads\/2011\/07\/0104_Copper-590x392.jpg\" alt=\"\" width=\"531\" height=\"353\" srcset=\"https:\/\/www.im-banne-der-sensoren.de\/wp-content\/uploads\/2011\/07\/0104_Copper-590x392.jpg 590w, https:\/\/www.im-banne-der-sensoren.de\/wp-content\/uploads\/2011\/07\/0104_Copper.jpg 900w\" sizes=\"auto, (max-width: 531px) 100vw, 531px\" \/><\/a><\/p>\n<p>Als Sch\u00fcler habe ich einmal in den Ferien f\u00fcr ein paar Wochen in einer Fabrik gearbeitet. Mein Job war es, Klosch\u00fcsseln und Waschbecken auf Europaletten zu laden. Ich war Herrn Atta, einem t\u00fcrkischen Arbeiter, als Hilfe zugeteilt. Dieser war freundlich und, im Gegensatz zu seinen deutschen Kollegen, nicht bereits um halb neun in der Fr\u00fch betrunken. Einer jener Kollegen hatte sich ein paar Schimpfworte auf t\u00fcrkisch \u00fcbersetzen lassen, um meinen Vorarbeiter zu \u00e4rgern, dieser lachte nur.<br \/>\nEinige Wochen, nachdem der Job vorbei war, besuchte mich Herr Atta mit seiner Tochter bei meinen Eltern zu Kaffee und Kuchen und brachte als Geschenk diese kupferne Vase mit.<\/p>\n","protected":false},"excerpt":{"rendered":"<p>Als Sch\u00fcler habe ich einmal in den Ferien f\u00fcr ein paar Wochen in einer Fabrik gearbeitet. Mein Job war es, Klosch\u00fcsseln und Waschbecken auf Europaletten zu laden. Ich war Herrn Atta, einem t\u00fcrkischen Arbeiter, als Hilfe zugeteilt. Dieser war freundlich und, im Gegensatz zu seinen deutschen Kollegen, nicht bereits um halb neun in der Fr\u00fch<a class=\"more-link\" href=\"https:\/\/www.im-banne-der-sensoren.de\/?p=1694\"><span class=\"screen-reader-text\">&#8222;Ein Blumenstrau\u00df von Zelig&#8220;<\/span> weiterlesen<\/a><\/p>\n","protected":false},"author":3,"featured_media":0,"comment_status":"open","ping_status":"open","sticky":false,"template":"","format":"standard","meta":{"footnotes":""},"categories":[1],"tags":[],"class_list":["post-1694","post","type-post","status-publish","format-standard","hentry","category-allgemein","entry"],"_links":{"self":[{"href":"https:\/\/www.im-banne-der-sensoren.de\/index.php?rest_route=\/wp\/v2\/posts\/1694","targetHints":{"allow":["GET"]}}],"collection":[{"href":"https:\/\/www.im-banne-der-sensoren.de\/index.php?rest_route=\/wp\/v2\/posts"}],"about":[{"href":"https:\/\/www.im-banne-der-sensoren.de\/index.php?rest_route=\/wp\/v2\/types\/post"}],"author":[{"embeddable":true,"href":"https:\/\/www.im-banne-der-sensoren.de\/index.php?rest_route=\/wp\/v2\/users\/3"}],"replies":[{"embeddable":true,"href":"https:\/\/www.im-banne-der-sensoren.de\/index.php?rest_route=%2Fwp%2Fv2%2Fcomments&post=1694"}],"version-history":[{"count":10,"href":"https:\/\/www.im-banne-der-sensoren.de\/index.php?rest_route=\/wp\/v2\/posts\/1694\/revisions"}],"predecessor-version":[{"id":1705,"href":"https:\/\/www.im-banne-der-sensoren.de\/index.php?rest_route=\/wp\/v2\/posts\/1694\/revisions\/1705"}],"wp:attachment":[{"href":"https:\/\/www.im-banne-der-sensoren.de\/index.php?rest_route=%2Fwp%2Fv2%2Fmedia&parent=1694"}],"wp:term":[{"taxonomy":"category","embeddable":true,"href":"https:\/\/www.im-banne-der-sensoren.de\/index.php?rest_route=%2Fwp%2Fv2%2Fcategories&post=1694"},{"taxonomy":"post_tag","embeddable":true,"href":"https:\/\/www.im-banne-der-sensoren.de\/index.php?rest_route=%2Fwp%2Fv2%2Ftags&post=1694"}],"curies":[{"name":"wp","href":"https:\/\/api.w.org\/{rel}","templated":true}]}}