{"id":16333,"date":"2017-02-14T07:45:47","date_gmt":"2017-02-14T06:45:47","guid":{"rendered":"http:\/\/www.im-banne-der-sensoren.de\/?p=16333"},"modified":"2017-02-14T08:03:27","modified_gmt":"2017-02-14T07:03:27","slug":"weltkulturerbe-mutter-kind-abteil","status":"publish","type":"post","link":"https:\/\/www.im-banne-der-sensoren.de\/?p=16333","title":{"rendered":"Weltkulturerbe <br \/>Mutter-Kind-Abteil"},"content":{"rendered":"<p><a href=\"http:\/\/www.im-banne-der-sensoren.de\/wp-content\/uploads\/2017\/02\/DSC03305.jpg\"><img loading=\"lazy\" decoding=\"async\" src=\"http:\/\/www.im-banne-der-sensoren.de\/wp-content\/uploads\/2017\/02\/DSC03305.jpg\" alt=\"\" width=\"950\" height=\"633\" class=\"alignnone size-full wp-image-16334\" srcset=\"https:\/\/www.im-banne-der-sensoren.de\/wp-content\/uploads\/2017\/02\/DSC03305.jpg 950w, https:\/\/www.im-banne-der-sensoren.de\/wp-content\/uploads\/2017\/02\/DSC03305-500x333.jpg 500w, https:\/\/www.im-banne-der-sensoren.de\/wp-content\/uploads\/2017\/02\/DSC03305-768x512.jpg 768w, https:\/\/www.im-banne-der-sensoren.de\/wp-content\/uploads\/2017\/02\/DSC03305-900x600.jpg 900w\" sizes=\"auto, (max-width: 950px) 100vw, 950px\" \/><\/a><br \/>\nEs handelt sich hier um Details von nichts geringerem als der beinah exakt tausend Jahre alten Bernwardst\u00fcr in Hildesheim. Sie schlie\u00dft nicht mehr ganz dicht, das macht den Dom etwas zugig. Die Gew\u00e4hrleistungsfrist ist allerdings bereits abgelaufen.<\/p>\n","protected":false},"excerpt":{"rendered":"<p>Es handelt sich hier um Details von nichts geringerem als der beinah exakt tausend Jahre alten Bernwardst\u00fcr in Hildesheim. Sie schlie\u00dft nicht mehr ganz dicht, das macht den Dom etwas zugig. Die Gew\u00e4hrleistungsfrist ist allerdings bereits abgelaufen.<\/p>\n","protected":false},"author":1,"featured_media":0,"comment_status":"open","ping_status":"open","sticky":false,"template":"","format":"standard","meta":{"footnotes":""},"categories":[20,145,173,3,124],"tags":[],"class_list":["post-16333","post","type-post","status-publish","format-standard","hentry","category-innen","category-kirche","category-kunst","category-peter_p","category-schwarzweis","entry"],"_links":{"self":[{"href":"https:\/\/www.im-banne-der-sensoren.de\/index.php?rest_route=\/wp\/v2\/posts\/16333","targetHints":{"allow":["GET"]}}],"collection":[{"href":"https:\/\/www.im-banne-der-sensoren.de\/index.php?rest_route=\/wp\/v2\/posts"}],"about":[{"href":"https:\/\/www.im-banne-der-sensoren.de\/index.php?rest_route=\/wp\/v2\/types\/post"}],"author":[{"embeddable":true,"href":"https:\/\/www.im-banne-der-sensoren.de\/index.php?rest_route=\/wp\/v2\/users\/1"}],"replies":[{"embeddable":true,"href":"https:\/\/www.im-banne-der-sensoren.de\/index.php?rest_route=%2Fwp%2Fv2%2Fcomments&post=16333"}],"version-history":[{"count":3,"href":"https:\/\/www.im-banne-der-sensoren.de\/index.php?rest_route=\/wp\/v2\/posts\/16333\/revisions"}],"predecessor-version":[{"id":16337,"href":"https:\/\/www.im-banne-der-sensoren.de\/index.php?rest_route=\/wp\/v2\/posts\/16333\/revisions\/16337"}],"wp:attachment":[{"href":"https:\/\/www.im-banne-der-sensoren.de\/index.php?rest_route=%2Fwp%2Fv2%2Fmedia&parent=16333"}],"wp:term":[{"taxonomy":"category","embeddable":true,"href":"https:\/\/www.im-banne-der-sensoren.de\/index.php?rest_route=%2Fwp%2Fv2%2Fcategories&post=16333"},{"taxonomy":"post_tag","embeddable":true,"href":"https:\/\/www.im-banne-der-sensoren.de\/index.php?rest_route=%2Fwp%2Fv2%2Ftags&post=16333"}],"curies":[{"name":"wp","href":"https:\/\/api.w.org\/{rel}","templated":true}]}}