{"id":16315,"date":"2017-02-10T07:46:11","date_gmt":"2017-02-10T06:46:11","guid":{"rendered":"http:\/\/www.im-banne-der-sensoren.de\/?p=16315"},"modified":"2017-02-10T07:46:11","modified_gmt":"2017-02-10T06:46:11","slug":"versuch-ueber-die-profilierung","status":"publish","type":"post","link":"https:\/\/www.im-banne-der-sensoren.de\/?p=16315","title":{"rendered":"Versuch \u00fcber die Profilierung"},"content":{"rendered":"<p><a href=\"http:\/\/www.im-banne-der-sensoren.de\/wp-content\/uploads\/2017\/02\/DSC03284.jpg\"><img loading=\"lazy\" decoding=\"async\" src=\"http:\/\/www.im-banne-der-sensoren.de\/wp-content\/uploads\/2017\/02\/DSC03284.jpg\" alt=\"\" width=\"950\" height=\"633\" class=\"alignnone size-full wp-image-16316\" srcset=\"https:\/\/www.im-banne-der-sensoren.de\/wp-content\/uploads\/2017\/02\/DSC03284.jpg 950w, https:\/\/www.im-banne-der-sensoren.de\/wp-content\/uploads\/2017\/02\/DSC03284-500x333.jpg 500w, https:\/\/www.im-banne-der-sensoren.de\/wp-content\/uploads\/2017\/02\/DSC03284-768x512.jpg 768w, https:\/\/www.im-banne-der-sensoren.de\/wp-content\/uploads\/2017\/02\/DSC03284-900x600.jpg 900w\" sizes=\"auto, (max-width: 950px) 100vw, 950px\" \/><\/a><br \/>\nDas wei\u00df das zust\u00e4ndige <a href=\"https:\/\/de.wiktionary.org\/wiki\/Profilierung\" target=\"_blank\">Wikionary<\/a>:<br \/>\n<strong>Bedeutungen:<\/strong><br \/>\n[1] das Zurschaustellen einer bestimmten Eigenart, einer klaren Haltung oder einer deutlichen Richtung, um sich von Anderen abzuheben<br \/>\n[2] Technik: Formgebung einer Oberfl\u00e4che mittels eines Musters bzw. einer Struktur, das\/die regelm\u00e4\u00dfig wie auch unregelm\u00e4\u00dfig ausgebildet sein kann, wodurch die Oberfl\u00e4che im Querschnitt entsprechend ausgestaltete Erhebungen bzw. Vertiefungen aufweist<\/p>\n","protected":false},"excerpt":{"rendered":"<p>Das wei\u00df das zust\u00e4ndige Wikionary: Bedeutungen: [1] das Zurschaustellen einer bestimmten Eigenart, einer klaren Haltung oder einer deutlichen Richtung, um sich von Anderen abzuheben [2] Technik: Formgebung einer Oberfl\u00e4che mittels eines Musters bzw. einer Struktur, das\/die regelm\u00e4\u00dfig wie auch unregelm\u00e4\u00dfig ausgebildet sein kann, wodurch die Oberfl\u00e4che im Querschnitt entsprechend ausgestaltete Erhebungen bzw. Vertiefungen aufweist<\/p>\n","protected":false},"author":1,"featured_media":0,"comment_status":"open","ping_status":"open","sticky":false,"template":"","format":"standard","meta":{"footnotes":""},"categories":[15,3,103,124],"tags":[],"class_list":["post-16315","post","type-post","status-publish","format-standard","hentry","category-ausen","category-peter_p","category-schatten","category-schwarzweis","entry"],"_links":{"self":[{"href":"https:\/\/www.im-banne-der-sensoren.de\/index.php?rest_route=\/wp\/v2\/posts\/16315","targetHints":{"allow":["GET"]}}],"collection":[{"href":"https:\/\/www.im-banne-der-sensoren.de\/index.php?rest_route=\/wp\/v2\/posts"}],"about":[{"href":"https:\/\/www.im-banne-der-sensoren.de\/index.php?rest_route=\/wp\/v2\/types\/post"}],"author":[{"embeddable":true,"href":"https:\/\/www.im-banne-der-sensoren.de\/index.php?rest_route=\/wp\/v2\/users\/1"}],"replies":[{"embeddable":true,"href":"https:\/\/www.im-banne-der-sensoren.de\/index.php?rest_route=%2Fwp%2Fv2%2Fcomments&post=16315"}],"version-history":[{"count":1,"href":"https:\/\/www.im-banne-der-sensoren.de\/index.php?rest_route=\/wp\/v2\/posts\/16315\/revisions"}],"predecessor-version":[{"id":16317,"href":"https:\/\/www.im-banne-der-sensoren.de\/index.php?rest_route=\/wp\/v2\/posts\/16315\/revisions\/16317"}],"wp:attachment":[{"href":"https:\/\/www.im-banne-der-sensoren.de\/index.php?rest_route=%2Fwp%2Fv2%2Fmedia&parent=16315"}],"wp:term":[{"taxonomy":"category","embeddable":true,"href":"https:\/\/www.im-banne-der-sensoren.de\/index.php?rest_route=%2Fwp%2Fv2%2Fcategories&post=16315"},{"taxonomy":"post_tag","embeddable":true,"href":"https:\/\/www.im-banne-der-sensoren.de\/index.php?rest_route=%2Fwp%2Fv2%2Ftags&post=16315"}],"curies":[{"name":"wp","href":"https:\/\/api.w.org\/{rel}","templated":true}]}}