{"id":1594,"date":"2011-06-29T07:36:55","date_gmt":"2011-06-29T05:36:55","guid":{"rendered":"http:\/\/www.im-banne-der-sensoren.de\/?p=1594"},"modified":"2011-06-29T07:36:55","modified_gmt":"2011-06-29T05:36:55","slug":"man-wird-doch","status":"publish","type":"post","link":"https:\/\/www.im-banne-der-sensoren.de\/?p=1594","title":{"rendered":"Man wird doch &#8230;"},"content":{"rendered":"<p><a href=\"http:\/\/www.im-banne-der-sensoren.de\/wp-content\/uploads\/2011\/06\/SDIM0323_papa.jpg\"><img decoding=\"async\" class=\"alignnone size-medium wp-image-198\u201c title=\"l\u00e4chle, eddie constantine!\" src=\"http:\/\/www.im-banne-der-sensoren.de\/wp-content\/uploads\/2011\/06\/SDIM0323_papa.jpg\" alt=\"\" width=\"950\" height=\"\u201e633&quot;\" \/><\/a><\/p>\n<p>&#8230; wohl mal ein Bild etwas neoromantisch bearbeiten d\u00fcrfen, oder wie oder was? Der Herr Pap\u00e1 zeigt hier ein angenehmes L\u00e4cheln. Um das nicht zu zerst\u00f6ren, habe ich die Parkleuchte rechts hinten und \u00fcberhaupt den seltsamen Hintergrund in Unsch\u00e4rfe verbannt. F\u00fcr Hintergrund kann man ja manchmal nix. Und schlie\u00dflich war ein sch\u00f6nes Licht auf Herrn Pap\u00e1s Gesicht, dass ihn nach einer sch\u00f6nen gemeinsamen Wanderung behutsam leuchten lie\u00df.<\/p>\n","protected":false},"excerpt":{"rendered":"","protected":false},"author":1,"featured_media":0,"comment_status":"open","ping_status":"open","sticky":false,"template":"","format":"standard","meta":{"footnotes":""},"categories":[15,3,40,124],"tags":[],"class_list":["post-1594","post","type-post","status-publish","format-standard","hentry","category-ausen","category-peter_p","category-portrait","category-schwarzweis","entry"],"_links":{"self":[{"href":"https:\/\/www.im-banne-der-sensoren.de\/index.php?rest_route=\/wp\/v2\/posts\/1594","targetHints":{"allow":["GET"]}}],"collection":[{"href":"https:\/\/www.im-banne-der-sensoren.de\/index.php?rest_route=\/wp\/v2\/posts"}],"about":[{"href":"https:\/\/www.im-banne-der-sensoren.de\/index.php?rest_route=\/wp\/v2\/types\/post"}],"author":[{"embeddable":true,"href":"https:\/\/www.im-banne-der-sensoren.de\/index.php?rest_route=\/wp\/v2\/users\/1"}],"replies":[{"embeddable":true,"href":"https:\/\/www.im-banne-der-sensoren.de\/index.php?rest_route=%2Fwp%2Fv2%2Fcomments&post=1594"}],"version-history":[{"count":2,"href":"https:\/\/www.im-banne-der-sensoren.de\/index.php?rest_route=\/wp\/v2\/posts\/1594\/revisions"}],"predecessor-version":[{"id":1596,"href":"https:\/\/www.im-banne-der-sensoren.de\/index.php?rest_route=\/wp\/v2\/posts\/1594\/revisions\/1596"}],"wp:attachment":[{"href":"https:\/\/www.im-banne-der-sensoren.de\/index.php?rest_route=%2Fwp%2Fv2%2Fmedia&parent=1594"}],"wp:term":[{"taxonomy":"category","embeddable":true,"href":"https:\/\/www.im-banne-der-sensoren.de\/index.php?rest_route=%2Fwp%2Fv2%2Fcategories&post=1594"},{"taxonomy":"post_tag","embeddable":true,"href":"https:\/\/www.im-banne-der-sensoren.de\/index.php?rest_route=%2Fwp%2Fv2%2Ftags&post=1594"}],"curies":[{"name":"wp","href":"https:\/\/api.w.org\/{rel}","templated":true}]}}