{"id":1570,"date":"2011-06-29T00:02:14","date_gmt":"2011-06-28T22:02:14","guid":{"rendered":"http:\/\/www.im-banne-der-sensoren.de\/?p=1570"},"modified":"2011-06-29T00:12:12","modified_gmt":"2011-06-28T22:12:12","slug":"der-menschliche-faktor","status":"publish","type":"post","link":"https:\/\/www.im-banne-der-sensoren.de\/?p=1570","title":{"rendered":"Der menschliche Faktor"},"content":{"rendered":"<p><a href=\"http:\/\/www.im-banne-der-sensoren.de\/wp-content\/uploads\/2011\/06\/0096_Abort1.jpg\"><img loading=\"lazy\" decoding=\"async\" class=\"alignnone size-medium wp-image-1577\" title=\"0096_Abort\" src=\"http:\/\/www.im-banne-der-sensoren.de\/wp-content\/uploads\/2011\/06\/0096_Abort1-590x887.jpg\" alt=\"\" width=\"354\" height=\"532\" srcset=\"https:\/\/www.im-banne-der-sensoren.de\/wp-content\/uploads\/2011\/06\/0096_Abort1-590x887.jpg 590w, https:\/\/www.im-banne-der-sensoren.de\/wp-content\/uploads\/2011\/06\/0096_Abort1.jpg 598w\" sizes=\"auto, (max-width: 354px) 100vw, 354px\" \/><\/a><\/p>\n<p>Gl\u00e4nzend stand der Schweiss auf O&#8217;Donnels Oberlippe.<br \/>\n\u201eMeine Arme f\u00fchlen sich an wie Pudding\u201c, fl\u00fcsterte er,<br \/>\nzitternd am ganzen K\u00f6rper.<br \/>\nEr wankte zum Abort; w\u00e4hrenddessen leerte ich die<br \/>\nSchale mit den restlichen Erdn\u00fcssen in den M\u00fclleimer.<\/p>\n","protected":false},"excerpt":{"rendered":"<p>Gl\u00e4nzend stand der Schweiss auf O&#8217;Donnels Oberlippe. \u201eMeine Arme f\u00fchlen sich an wie Pudding\u201c, fl\u00fcsterte er, zitternd am ganzen K\u00f6rper. Er wankte zum Abort; w\u00e4hrenddessen leerte ich die Schale mit den restlichen Erdn\u00fcssen in den M\u00fclleimer.<\/p>\n","protected":false},"author":3,"featured_media":0,"comment_status":"open","ping_status":"open","sticky":false,"template":"","format":"standard","meta":{"footnotes":""},"categories":[1],"tags":[],"class_list":["post-1570","post","type-post","status-publish","format-standard","hentry","category-allgemein","entry"],"_links":{"self":[{"href":"https:\/\/www.im-banne-der-sensoren.de\/index.php?rest_route=\/wp\/v2\/posts\/1570","targetHints":{"allow":["GET"]}}],"collection":[{"href":"https:\/\/www.im-banne-der-sensoren.de\/index.php?rest_route=\/wp\/v2\/posts"}],"about":[{"href":"https:\/\/www.im-banne-der-sensoren.de\/index.php?rest_route=\/wp\/v2\/types\/post"}],"author":[{"embeddable":true,"href":"https:\/\/www.im-banne-der-sensoren.de\/index.php?rest_route=\/wp\/v2\/users\/3"}],"replies":[{"embeddable":true,"href":"https:\/\/www.im-banne-der-sensoren.de\/index.php?rest_route=%2Fwp%2Fv2%2Fcomments&post=1570"}],"version-history":[{"count":20,"href":"https:\/\/www.im-banne-der-sensoren.de\/index.php?rest_route=\/wp\/v2\/posts\/1570\/revisions"}],"predecessor-version":[{"id":1592,"href":"https:\/\/www.im-banne-der-sensoren.de\/index.php?rest_route=\/wp\/v2\/posts\/1570\/revisions\/1592"}],"wp:attachment":[{"href":"https:\/\/www.im-banne-der-sensoren.de\/index.php?rest_route=%2Fwp%2Fv2%2Fmedia&parent=1570"}],"wp:term":[{"taxonomy":"category","embeddable":true,"href":"https:\/\/www.im-banne-der-sensoren.de\/index.php?rest_route=%2Fwp%2Fv2%2Fcategories&post=1570"},{"taxonomy":"post_tag","embeddable":true,"href":"https:\/\/www.im-banne-der-sensoren.de\/index.php?rest_route=%2Fwp%2Fv2%2Ftags&post=1570"}],"curies":[{"name":"wp","href":"https:\/\/api.w.org\/{rel}","templated":true}]}}