{"id":1483,"date":"2011-06-21T07:22:28","date_gmt":"2011-06-21T05:22:28","guid":{"rendered":"http:\/\/www.im-banne-der-sensoren.de\/?p=1483"},"modified":"2011-06-21T07:22:28","modified_gmt":"2011-06-21T05:22:28","slug":"taubensicht","status":"publish","type":"post","link":"https:\/\/www.im-banne-der-sensoren.de\/?p=1483","title":{"rendered":"Taubensicht"},"content":{"rendered":"<p><a href=\"http:\/\/www.im-banne-der-sensoren.de\/wp-content\/uploads\/2011\/06\/SDIM1872_pidgeon_view.jpg\"><img decoding=\"async\" class=\"alignnone size-medium wp-image-198\u201c title=\"wir hier unten, ihr da oben\" src=\"http:\/\/www.im-banne-der-sensoren.de\/wp-content\/uploads\/2011\/06\/SDIM1872_pidgeon_view.jpg\" alt=\"\" width=\"950\" height=\"\u201e633&quot;\" \/><\/a><\/p>\n<p>Als mich neulich im Eiscaf\u00e9 die Tauben wieder einmal sehr st\u00f6rten, bat ich im Sinne der Artenverst\u00e4ndigung einer ihrer Vertreterinnen darum, mir ein Bild ihrer ganz eigenen Sicht auf die Welt zu machen. Ich reichte ihr die Kamera, sie gew\u00f6hnte sich schnell an die umst\u00e4ndliche Bedienung, und schon bald konnte ich sehen, wie sich die Welt f\u00fcr Tauben darstellt. Nun habe ich ein wenig mehr Verst\u00e4ndnis. Die Welt ist ein Gestr\u00fcpp von Beinen, und wenn ich so leben m\u00fcsste, w\u00fcrde ich ebenfalls nerv\u00f6s zuckend, tapsend und wackelnd herumirren.<\/p>\n","protected":false},"excerpt":{"rendered":"","protected":false},"author":1,"featured_media":0,"comment_status":"open","ping_status":"open","sticky":false,"template":"","format":"standard","meta":{"footnotes":""},"categories":[15,3],"tags":[125],"class_list":["post-1483","post","type-post","status-publish","format-standard","hentry","category-ausen","category-peter_p","tag-taube","entry"],"_links":{"self":[{"href":"https:\/\/www.im-banne-der-sensoren.de\/index.php?rest_route=\/wp\/v2\/posts\/1483","targetHints":{"allow":["GET"]}}],"collection":[{"href":"https:\/\/www.im-banne-der-sensoren.de\/index.php?rest_route=\/wp\/v2\/posts"}],"about":[{"href":"https:\/\/www.im-banne-der-sensoren.de\/index.php?rest_route=\/wp\/v2\/types\/post"}],"author":[{"embeddable":true,"href":"https:\/\/www.im-banne-der-sensoren.de\/index.php?rest_route=\/wp\/v2\/users\/1"}],"replies":[{"embeddable":true,"href":"https:\/\/www.im-banne-der-sensoren.de\/index.php?rest_route=%2Fwp%2Fv2%2Fcomments&post=1483"}],"version-history":[{"count":1,"href":"https:\/\/www.im-banne-der-sensoren.de\/index.php?rest_route=\/wp\/v2\/posts\/1483\/revisions"}],"predecessor-version":[{"id":1484,"href":"https:\/\/www.im-banne-der-sensoren.de\/index.php?rest_route=\/wp\/v2\/posts\/1483\/revisions\/1484"}],"wp:attachment":[{"href":"https:\/\/www.im-banne-der-sensoren.de\/index.php?rest_route=%2Fwp%2Fv2%2Fmedia&parent=1483"}],"wp:term":[{"taxonomy":"category","embeddable":true,"href":"https:\/\/www.im-banne-der-sensoren.de\/index.php?rest_route=%2Fwp%2Fv2%2Fcategories&post=1483"},{"taxonomy":"post_tag","embeddable":true,"href":"https:\/\/www.im-banne-der-sensoren.de\/index.php?rest_route=%2Fwp%2Fv2%2Ftags&post=1483"}],"curies":[{"name":"wp","href":"https:\/\/api.w.org\/{rel}","templated":true}]}}