{"id":1454,"date":"2011-06-17T07:21:48","date_gmt":"2011-06-17T05:21:48","guid":{"rendered":"http:\/\/www.im-banne-der-sensoren.de\/?p=1454"},"modified":"2011-06-17T07:25:15","modified_gmt":"2011-06-17T05:25:15","slug":"mein-leben-als-kafer","status":"publish","type":"post","link":"https:\/\/www.im-banne-der-sensoren.de\/?p=1454","title":{"rendered":"Mein Leben als K\u00e4fer"},"content":{"rendered":"<p><a href=\"http:\/\/www.im-banne-der-sensoren.de\/wp-content\/uploads\/2011\/06\/SDIM1966_unterholz.jpg\"><img decoding=\"async\" class=\"alignnone size-medium wp-image-198\u201c title=\"it\u2019s not a bug \u2013 it\u2019s me!\" src=\"http:\/\/www.im-banne-der-sensoren.de\/wp-content\/uploads\/2011\/06\/SDIM1966_unterholz.jpg\" alt=\"\" width=\"950\" height=\"\u201e633&quot;\" \/><\/a><\/p>\n<p>Als ich heute morgen aus unruhigen Tr\u00e4umen erwachte, fand ich mich in einem Beet zu einem kurzsichtigen Ungeziefer verwandelt. Ich stellte schnell fest: Als K\u00e4fer hat man nur einen ganz geringen Bereich der Sch\u00e4rfewahrnehmung. Ich beschloss also, heute erst mal nicht ins B\u00fcro zu gehen.<\/p>\n","protected":false},"excerpt":{"rendered":"","protected":false},"author":1,"featured_media":0,"comment_status":"open","ping_status":"open","sticky":false,"template":"","format":"standard","meta":{"footnotes":""},"categories":[15,72,101,3],"tags":[122,123],"class_list":["post-1454","post","type-post","status-publish","format-standard","hentry","category-ausen","category-grun","category-natur","category-peter_p","tag-kafer","tag-kafka","entry"],"_links":{"self":[{"href":"https:\/\/www.im-banne-der-sensoren.de\/index.php?rest_route=\/wp\/v2\/posts\/1454","targetHints":{"allow":["GET"]}}],"collection":[{"href":"https:\/\/www.im-banne-der-sensoren.de\/index.php?rest_route=\/wp\/v2\/posts"}],"about":[{"href":"https:\/\/www.im-banne-der-sensoren.de\/index.php?rest_route=\/wp\/v2\/types\/post"}],"author":[{"embeddable":true,"href":"https:\/\/www.im-banne-der-sensoren.de\/index.php?rest_route=\/wp\/v2\/users\/1"}],"replies":[{"embeddable":true,"href":"https:\/\/www.im-banne-der-sensoren.de\/index.php?rest_route=%2Fwp%2Fv2%2Fcomments&post=1454"}],"version-history":[{"count":2,"href":"https:\/\/www.im-banne-der-sensoren.de\/index.php?rest_route=\/wp\/v2\/posts\/1454\/revisions"}],"predecessor-version":[{"id":1457,"href":"https:\/\/www.im-banne-der-sensoren.de\/index.php?rest_route=\/wp\/v2\/posts\/1454\/revisions\/1457"}],"wp:attachment":[{"href":"https:\/\/www.im-banne-der-sensoren.de\/index.php?rest_route=%2Fwp%2Fv2%2Fmedia&parent=1454"}],"wp:term":[{"taxonomy":"category","embeddable":true,"href":"https:\/\/www.im-banne-der-sensoren.de\/index.php?rest_route=%2Fwp%2Fv2%2Fcategories&post=1454"},{"taxonomy":"post_tag","embeddable":true,"href":"https:\/\/www.im-banne-der-sensoren.de\/index.php?rest_route=%2Fwp%2Fv2%2Ftags&post=1454"}],"curies":[{"name":"wp","href":"https:\/\/api.w.org\/{rel}","templated":true}]}}