{"id":14458,"date":"2016-03-12T08:17:39","date_gmt":"2016-03-12T07:17:39","guid":{"rendered":"http:\/\/www.im-banne-der-sensoren.de\/?p=14458"},"modified":"2016-03-12T08:21:15","modified_gmt":"2016-03-12T07:21:15","slug":"on-the-road-again-3","status":"publish","type":"post","link":"https:\/\/www.im-banne-der-sensoren.de\/?p=14458","title":{"rendered":"On the road again"},"content":{"rendered":"<p><a href=\"http:\/\/www.im-banne-der-sensoren.de\/wp-content\/uploads\/2016\/03\/DSC01819.jpg\"><img loading=\"lazy\" decoding=\"async\" src=\"http:\/\/www.im-banne-der-sensoren.de\/wp-content\/uploads\/2016\/03\/DSC01819-900x600.jpg\" alt=\"DSC01819\" width=\"500\" height=\"333\" class=\"alignnone size-large wp-image-14459\" srcset=\"https:\/\/www.im-banne-der-sensoren.de\/wp-content\/uploads\/2016\/03\/DSC01819-900x600.jpg 900w, https:\/\/www.im-banne-der-sensoren.de\/wp-content\/uploads\/2016\/03\/DSC01819-500x333.jpg 500w, https:\/\/www.im-banne-der-sensoren.de\/wp-content\/uploads\/2016\/03\/DSC01819-768x512.jpg 768w, https:\/\/www.im-banne-der-sensoren.de\/wp-content\/uploads\/2016\/03\/DSC01819.jpg 950w\" sizes=\"auto, (max-width: 500px) 100vw, 500px\" \/><\/a><br \/>\nWerter Herr Kollege. Gemeinsam mit Herrn R aus M werde ich heute Abend eine quasi semi\u00f6ffentliche Vorlesung bestreiten. Kurz vor den Landtagswahlen hat man uns ins baden-w\u00fcrttembergische Gondelsheim gerufen, um der ein oder anderen Wahlentscheidung doch noch entgegenwirken zu k\u00f6nnen. Zu diesem Behufe werde ich auch diesmal wieder Bilder zeigen und mit Poemen begleiten, die Sie, werter Herr Kollege, hier im Lauf der Zeit abgelegt haben. Nat\u00fcrlich werde ich, wie immer, Ihren Namen als Urheber in den h\u00f6chsten T\u00f6nen loben und preisen, sowieso, genau. Darf ich davon ausgehen, dass dies alles f\u00fcr Sie so in Ordnung geht?<\/p>\n","protected":false},"excerpt":{"rendered":"<p>Werter Herr Kollege. Gemeinsam mit Herrn R aus M werde ich heute Abend eine quasi semi\u00f6ffentliche Vorlesung bestreiten. Kurz vor den Landtagswahlen hat man uns ins baden-w\u00fcrttembergische Gondelsheim gerufen, um der ein oder anderen Wahlentscheidung doch noch entgegenwirken zu k\u00f6nnen. Zu diesem Behufe werde ich auch diesmal wieder Bilder zeigen und mit Poemen begleiten, die<a class=\"more-link\" href=\"https:\/\/www.im-banne-der-sensoren.de\/?p=14458\"><span class=\"screen-reader-text\">&#8222;On the road again&#8220;<\/span> weiterlesen<\/a><\/p>\n","protected":false},"author":1,"featured_media":0,"comment_status":"open","ping_status":"open","sticky":false,"template":"","format":"standard","meta":{"footnotes":""},"categories":[15,116,137,8,3,169,138],"tags":[],"class_list":["post-14458","post","type-post","status-publish","format-standard","hentry","category-ausen","category-dunkel","category-gelb","category-licht","category-peter_p","category-stadt","category-strase","entry"],"_links":{"self":[{"href":"https:\/\/www.im-banne-der-sensoren.de\/index.php?rest_route=\/wp\/v2\/posts\/14458","targetHints":{"allow":["GET"]}}],"collection":[{"href":"https:\/\/www.im-banne-der-sensoren.de\/index.php?rest_route=\/wp\/v2\/posts"}],"about":[{"href":"https:\/\/www.im-banne-der-sensoren.de\/index.php?rest_route=\/wp\/v2\/types\/post"}],"author":[{"embeddable":true,"href":"https:\/\/www.im-banne-der-sensoren.de\/index.php?rest_route=\/wp\/v2\/users\/1"}],"replies":[{"embeddable":true,"href":"https:\/\/www.im-banne-der-sensoren.de\/index.php?rest_route=%2Fwp%2Fv2%2Fcomments&post=14458"}],"version-history":[{"count":4,"href":"https:\/\/www.im-banne-der-sensoren.de\/index.php?rest_route=\/wp\/v2\/posts\/14458\/revisions"}],"predecessor-version":[{"id":14463,"href":"https:\/\/www.im-banne-der-sensoren.de\/index.php?rest_route=\/wp\/v2\/posts\/14458\/revisions\/14463"}],"wp:attachment":[{"href":"https:\/\/www.im-banne-der-sensoren.de\/index.php?rest_route=%2Fwp%2Fv2%2Fmedia&parent=14458"}],"wp:term":[{"taxonomy":"category","embeddable":true,"href":"https:\/\/www.im-banne-der-sensoren.de\/index.php?rest_route=%2Fwp%2Fv2%2Fcategories&post=14458"},{"taxonomy":"post_tag","embeddable":true,"href":"https:\/\/www.im-banne-der-sensoren.de\/index.php?rest_route=%2Fwp%2Fv2%2Ftags&post=14458"}],"curies":[{"name":"wp","href":"https:\/\/api.w.org\/{rel}","templated":true}]}}