{"id":1401,"date":"2011-06-14T07:19:48","date_gmt":"2011-06-14T05:19:48","guid":{"rendered":"http:\/\/www.im-banne-der-sensoren.de\/?p=1401"},"modified":"2011-06-14T07:20:04","modified_gmt":"2011-06-14T05:20:04","slug":"hausfrau","status":"publish","type":"post","link":"https:\/\/www.im-banne-der-sensoren.de\/?p=1401","title":{"rendered":"Hausfrau"},"content":{"rendered":"<p><a href=\"http:\/\/www.im-banne-der-sensoren.de\/wp-content\/uploads\/2011\/06\/SDIM2111_schlagkraft.jpg\"><img decoding=\"async\" class=\"alignnone size-medium wp-image-198\u201c title=\"kurz vor casanova\" src=\"http:\/\/www.im-banne-der-sensoren.de\/wp-content\/uploads\/2011\/06\/SDIM2111_schlagkraft.jpg\" alt=\"\" width=\"950\" height=\"\u201e633&quot;\" \/><\/a><\/p>\n<p>Heute geht hier die Kirmes zu Ende. Der Dienstag ist traditionell der Tag der Mendener BesucherInnen: der Tag, \u00bban dem alle gehn\u00ab. Au\u00dfer mir, ich bin ja auch schon die vergangenen Tage nicht hingegangen. Jedenfalls nicht, um mich zu am\u00fcsieren und mal ein paar Tage die Sorgen \u00fcber Bord zu werfen \u2013 lediglich, um zu fotografieren oder einen Cappuccino zu nehmen oder ein paar gebrannte Mandeln zu kaufen. Das Bild fasst nochmal alles zusammen, was es f\u00fcr eine Kirmes braucht. Und nein, das Schlagergebnis stammt nicht von mir, sondern vom letzten Adoleszenten des Vorabends.<\/p>\n","protected":false},"excerpt":{"rendered":"","protected":false},"author":1,"featured_media":0,"comment_status":"open","ping_status":"open","sticky":false,"template":"","format":"standard","meta":{"footnotes":""},"categories":[15,3],"tags":[224],"class_list":["post-1401","post","type-post","status-publish","format-standard","hentry","category-ausen","category-peter_p","tag-kirmes","entry"],"_links":{"self":[{"href":"https:\/\/www.im-banne-der-sensoren.de\/index.php?rest_route=\/wp\/v2\/posts\/1401","targetHints":{"allow":["GET"]}}],"collection":[{"href":"https:\/\/www.im-banne-der-sensoren.de\/index.php?rest_route=\/wp\/v2\/posts"}],"about":[{"href":"https:\/\/www.im-banne-der-sensoren.de\/index.php?rest_route=\/wp\/v2\/types\/post"}],"author":[{"embeddable":true,"href":"https:\/\/www.im-banne-der-sensoren.de\/index.php?rest_route=\/wp\/v2\/users\/1"}],"replies":[{"embeddable":true,"href":"https:\/\/www.im-banne-der-sensoren.de\/index.php?rest_route=%2Fwp%2Fv2%2Fcomments&post=1401"}],"version-history":[{"count":2,"href":"https:\/\/www.im-banne-der-sensoren.de\/index.php?rest_route=\/wp\/v2\/posts\/1401\/revisions"}],"predecessor-version":[{"id":1404,"href":"https:\/\/www.im-banne-der-sensoren.de\/index.php?rest_route=\/wp\/v2\/posts\/1401\/revisions\/1404"}],"wp:attachment":[{"href":"https:\/\/www.im-banne-der-sensoren.de\/index.php?rest_route=%2Fwp%2Fv2%2Fmedia&parent=1401"}],"wp:term":[{"taxonomy":"category","embeddable":true,"href":"https:\/\/www.im-banne-der-sensoren.de\/index.php?rest_route=%2Fwp%2Fv2%2Fcategories&post=1401"},{"taxonomy":"post_tag","embeddable":true,"href":"https:\/\/www.im-banne-der-sensoren.de\/index.php?rest_route=%2Fwp%2Fv2%2Ftags&post=1401"}],"curies":[{"name":"wp","href":"https:\/\/api.w.org\/{rel}","templated":true}]}}