{"id":13325,"date":"2015-09-22T07:41:02","date_gmt":"2015-09-22T05:41:02","guid":{"rendered":"http:\/\/www.im-banne-der-sensoren.de\/?p=13325"},"modified":"2015-09-22T11:43:03","modified_gmt":"2015-09-22T09:43:03","slug":"chairism","status":"publish","type":"post","link":"https:\/\/www.im-banne-der-sensoren.de\/?p=13325","title":{"rendered":"Chairisma"},"content":{"rendered":"<p><a href=\"http:\/\/www.im-banne-der-sensoren.de\/wp-content\/uploads\/2015\/09\/L1043071.jpg\"><img loading=\"lazy\" decoding=\"async\" src=\"http:\/\/www.im-banne-der-sensoren.de\/wp-content\/uploads\/2015\/09\/L1043071-900x598.jpg\" alt=\"\" title=\"L1043071\" width=\"500\" height=\"332\" class=\"alignnone size-large wp-image-13326\" srcset=\"https:\/\/www.im-banne-der-sensoren.de\/wp-content\/uploads\/2015\/09\/L1043071-900x598.jpg 900w, https:\/\/www.im-banne-der-sensoren.de\/wp-content\/uploads\/2015\/09\/L1043071-500x332.jpg 500w, https:\/\/www.im-banne-der-sensoren.de\/wp-content\/uploads\/2015\/09\/L1043071.jpg 950w\" sizes=\"auto, (max-width: 500px) 100vw, 500px\" \/><\/a><br \/>\nHier muss die M9 nochmal zeigen, was sie kann, n\u00e4mlich: sch\u00f6ne Weichzeichnerei und astreine Vollformatquali. Wenn\u2019s das f\u00fcr den Preis einer sagenwirmal X100T g\u00e4be, ich t\u00e4t\u2019s kaufen.<\/p>\n","protected":false},"excerpt":{"rendered":"<p>Hier muss die M9 nochmal zeigen, was sie kann, n\u00e4mlich: sch\u00f6ne Weichzeichnerei und astreine Vollformatquali. Wenn\u2019s das f\u00fcr den Preis einer sagenwirmal X100T g\u00e4be, ich t\u00e4t\u2019s kaufen.<\/p>\n","protected":false},"author":1,"featured_media":0,"comment_status":"open","ping_status":"open","sticky":false,"template":"","format":"standard","meta":{"footnotes":""},"categories":[15,73,189,3,203,124],"tags":[],"class_list":["post-13325","post","type-post","status-publish","format-standard","hentry","category-ausen","category-baum","category-garten","category-peter_p","category-rendsburg","category-schwarzweis","entry"],"_links":{"self":[{"href":"https:\/\/www.im-banne-der-sensoren.de\/index.php?rest_route=\/wp\/v2\/posts\/13325","targetHints":{"allow":["GET"]}}],"collection":[{"href":"https:\/\/www.im-banne-der-sensoren.de\/index.php?rest_route=\/wp\/v2\/posts"}],"about":[{"href":"https:\/\/www.im-banne-der-sensoren.de\/index.php?rest_route=\/wp\/v2\/types\/post"}],"author":[{"embeddable":true,"href":"https:\/\/www.im-banne-der-sensoren.de\/index.php?rest_route=\/wp\/v2\/users\/1"}],"replies":[{"embeddable":true,"href":"https:\/\/www.im-banne-der-sensoren.de\/index.php?rest_route=%2Fwp%2Fv2%2Fcomments&post=13325"}],"version-history":[{"count":5,"href":"https:\/\/www.im-banne-der-sensoren.de\/index.php?rest_route=\/wp\/v2\/posts\/13325\/revisions"}],"predecessor-version":[{"id":13331,"href":"https:\/\/www.im-banne-der-sensoren.de\/index.php?rest_route=\/wp\/v2\/posts\/13325\/revisions\/13331"}],"wp:attachment":[{"href":"https:\/\/www.im-banne-der-sensoren.de\/index.php?rest_route=%2Fwp%2Fv2%2Fmedia&parent=13325"}],"wp:term":[{"taxonomy":"category","embeddable":true,"href":"https:\/\/www.im-banne-der-sensoren.de\/index.php?rest_route=%2Fwp%2Fv2%2Fcategories&post=13325"},{"taxonomy":"post_tag","embeddable":true,"href":"https:\/\/www.im-banne-der-sensoren.de\/index.php?rest_route=%2Fwp%2Fv2%2Ftags&post=13325"}],"curies":[{"name":"wp","href":"https:\/\/api.w.org\/{rel}","templated":true}]}}