{"id":12936,"date":"2015-07-25T09:24:22","date_gmt":"2015-07-25T07:24:22","guid":{"rendered":"http:\/\/www.im-banne-der-sensoren.de\/?p=12936"},"modified":"2015-07-25T13:49:19","modified_gmt":"2015-07-25T11:49:19","slug":"illustratio-eisentoriensis-pseudogremmeri","status":"publish","type":"post","link":"https:\/\/www.im-banne-der-sensoren.de\/?p=12936","title":{"rendered":"Illustratio epiphaniii pseudogremmeri"},"content":{"rendered":"<p><a href=\"http:\/\/www.im-banne-der-sensoren.de\/wp-content\/uploads\/2015\/07\/DSC09899.jpg\"><img loading=\"lazy\" decoding=\"async\" src=\"http:\/\/www.im-banne-der-sensoren.de\/wp-content\/uploads\/2015\/07\/DSC09899.jpg\" alt=\"\" title=\"DSC09899\" width=\"950\" height=\"633\" class=\"alignnone size-full wp-image-12937\" srcset=\"https:\/\/www.im-banne-der-sensoren.de\/wp-content\/uploads\/2015\/07\/DSC09899.jpg 950w, https:\/\/www.im-banne-der-sensoren.de\/wp-content\/uploads\/2015\/07\/DSC09899-500x333.jpg 500w, https:\/\/www.im-banne-der-sensoren.de\/wp-content\/uploads\/2015\/07\/DSC09899-900x599.jpg 900w\" sizes=\"auto, (max-width: 950px) 100vw, 950px\" \/><\/a><br \/>\nDieses epigonengewirkte Portr\u00e4t materialisierte sich hier:<br \/>\nUniversit\u00e4t Kassel, Trafoh\u00e4uschen neben Geb\u00e4ude C<br \/>\nam 18. Juli 201<\/p>\n","protected":false},"excerpt":{"rendered":"<p>Dieses epigonengewirkte Portr\u00e4t materialisierte sich hier: Universit\u00e4t Kassel, Trafoh\u00e4uschen neben Geb\u00e4ude C am 18. Juli 201<\/p>\n","protected":false},"author":1,"featured_media":0,"comment_status":"open","ping_status":"open","sticky":false,"template":"","format":"standard","meta":{"footnotes":""},"categories":[15,204,116,173,3,40,120],"tags":[],"class_list":["post-12936","post","type-post","status-publish","format-standard","hentry","category-ausen","category-ausstellung","category-dunkel","category-kunst","category-peter_p","category-portrait","category-rot-2","entry"],"_links":{"self":[{"href":"https:\/\/www.im-banne-der-sensoren.de\/index.php?rest_route=\/wp\/v2\/posts\/12936","targetHints":{"allow":["GET"]}}],"collection":[{"href":"https:\/\/www.im-banne-der-sensoren.de\/index.php?rest_route=\/wp\/v2\/posts"}],"about":[{"href":"https:\/\/www.im-banne-der-sensoren.de\/index.php?rest_route=\/wp\/v2\/types\/post"}],"author":[{"embeddable":true,"href":"https:\/\/www.im-banne-der-sensoren.de\/index.php?rest_route=\/wp\/v2\/users\/1"}],"replies":[{"embeddable":true,"href":"https:\/\/www.im-banne-der-sensoren.de\/index.php?rest_route=%2Fwp%2Fv2%2Fcomments&post=12936"}],"version-history":[{"count":4,"href":"https:\/\/www.im-banne-der-sensoren.de\/index.php?rest_route=\/wp\/v2\/posts\/12936\/revisions"}],"predecessor-version":[{"id":12941,"href":"https:\/\/www.im-banne-der-sensoren.de\/index.php?rest_route=\/wp\/v2\/posts\/12936\/revisions\/12941"}],"wp:attachment":[{"href":"https:\/\/www.im-banne-der-sensoren.de\/index.php?rest_route=%2Fwp%2Fv2%2Fmedia&parent=12936"}],"wp:term":[{"taxonomy":"category","embeddable":true,"href":"https:\/\/www.im-banne-der-sensoren.de\/index.php?rest_route=%2Fwp%2Fv2%2Fcategories&post=12936"},{"taxonomy":"post_tag","embeddable":true,"href":"https:\/\/www.im-banne-der-sensoren.de\/index.php?rest_route=%2Fwp%2Fv2%2Ftags&post=12936"}],"curies":[{"name":"wp","href":"https:\/\/api.w.org\/{rel}","templated":true}]}}