{"id":12540,"date":"2015-05-21T07:17:59","date_gmt":"2015-05-21T05:17:59","guid":{"rendered":"http:\/\/www.im-banne-der-sensoren.de\/?p=12540"},"modified":"2015-05-21T12:54:51","modified_gmt":"2015-05-21T10:54:51","slug":"wie-tw-einmal-keinen-gue-gefalscht-hat","status":"publish","type":"post","link":"https:\/\/www.im-banne-der-sensoren.de\/?p=12540","title":{"rendered":"Wie TW einmal keinen GUe gef\u00e4lscht hat"},"content":{"rendered":"<p><a href=\"http:\/\/www.im-banne-der-sensoren.de\/wp-content\/uploads\/2015\/05\/Foto.jpg\"><img loading=\"lazy\" decoding=\"async\" src=\"http:\/\/www.im-banne-der-sensoren.de\/wp-content\/uploads\/2015\/05\/Foto.jpg\" alt=\"\" title=\"strich bin ich\" width=\"950\" height=\"529\" class=\"alignnone size-full wp-image-12541\" srcset=\"https:\/\/www.im-banne-der-sensoren.de\/wp-content\/uploads\/2015\/05\/Foto.jpg 950w, https:\/\/www.im-banne-der-sensoren.de\/wp-content\/uploads\/2015\/05\/Foto-500x278.jpg 500w, https:\/\/www.im-banne-der-sensoren.de\/wp-content\/uploads\/2015\/05\/Foto-900x501.jpg 900w\" sizes=\"auto, (max-width: 950px) 100vw, 950px\" \/><\/a><br \/>\nUnd dann hing das Blatt noch einen ganzen Tag in Ues* Labor in D\u00fcsseldorf an der W\u00e4scheleine.<br \/>\n<em>* = der Typ mit den N\u00e4geln<\/em><\/p>\n","protected":false},"excerpt":{"rendered":"<p>Und dann hing das Blatt noch einen ganzen Tag in Ues* Labor in D\u00fcsseldorf an der W\u00e4scheleine. * = der Typ mit den N\u00e4geln<\/p>\n","protected":false},"author":1,"featured_media":0,"comment_status":"open","ping_status":"open","sticky":false,"template":"","format":"standard","meta":{"footnotes":""},"categories":[204,20,173,126,206,3,124],"tags":[],"class_list":["post-12540","post","type-post","status-publish","format-standard","hentry","category-ausstellung","category-innen","category-kunst","category-manipulation","category-museum","category-peter_p","category-schwarzweis","entry"],"_links":{"self":[{"href":"https:\/\/www.im-banne-der-sensoren.de\/index.php?rest_route=\/wp\/v2\/posts\/12540","targetHints":{"allow":["GET"]}}],"collection":[{"href":"https:\/\/www.im-banne-der-sensoren.de\/index.php?rest_route=\/wp\/v2\/posts"}],"about":[{"href":"https:\/\/www.im-banne-der-sensoren.de\/index.php?rest_route=\/wp\/v2\/types\/post"}],"author":[{"embeddable":true,"href":"https:\/\/www.im-banne-der-sensoren.de\/index.php?rest_route=\/wp\/v2\/users\/1"}],"replies":[{"embeddable":true,"href":"https:\/\/www.im-banne-der-sensoren.de\/index.php?rest_route=%2Fwp%2Fv2%2Fcomments&post=12540"}],"version-history":[{"count":5,"href":"https:\/\/www.im-banne-der-sensoren.de\/index.php?rest_route=\/wp\/v2\/posts\/12540\/revisions"}],"predecessor-version":[{"id":12546,"href":"https:\/\/www.im-banne-der-sensoren.de\/index.php?rest_route=\/wp\/v2\/posts\/12540\/revisions\/12546"}],"wp:attachment":[{"href":"https:\/\/www.im-banne-der-sensoren.de\/index.php?rest_route=%2Fwp%2Fv2%2Fmedia&parent=12540"}],"wp:term":[{"taxonomy":"category","embeddable":true,"href":"https:\/\/www.im-banne-der-sensoren.de\/index.php?rest_route=%2Fwp%2Fv2%2Fcategories&post=12540"},{"taxonomy":"post_tag","embeddable":true,"href":"https:\/\/www.im-banne-der-sensoren.de\/index.php?rest_route=%2Fwp%2Fv2%2Ftags&post=12540"}],"curies":[{"name":"wp","href":"https:\/\/api.w.org\/{rel}","templated":true}]}}