{"id":12314,"date":"2015-04-15T08:03:33","date_gmt":"2015-04-15T06:03:33","guid":{"rendered":"http:\/\/www.im-banne-der-sensoren.de\/?p=12314"},"modified":"2015-04-15T08:03:33","modified_gmt":"2015-04-15T06:03:33","slug":"wirklich-besonders","status":"publish","type":"post","link":"https:\/\/www.im-banne-der-sensoren.de\/?p=12314","title":{"rendered":"Wirklich besonders"},"content":{"rendered":"<p><a href=\"http:\/\/www.im-banne-der-sensoren.de\/wp-content\/uploads\/2015\/04\/DSC09282.jpg\"><img loading=\"lazy\" decoding=\"async\" src=\"http:\/\/www.im-banne-der-sensoren.de\/wp-content\/uploads\/2015\/04\/DSC09282_500x333.jpg\" alt=\"\" title=\"DSC09282_500x333\" width=\"333\" height=\"500\" class=\"alignnone size-full wp-image-12312\" \/><\/a><br \/>\nDie beiden Kircht\u00fcrme gelten als die am feinsten verzierten Kircht\u00fcrme des Landkreises. Besonders sch\u00f6n anzusehen sind die Strukturen im unteren Bereich, die den T\u00fcrmen ihre einzigartige Gestalt geben. Auch aus der Entfernung gut zu erkennen sind die gotischen Einfl\u00fcsse an der gesamten Front und besonders am Portikus. Sehr selten ist auch die Ausstattung mit zwei Turmuhren, von denen jede eine andere Zeit anzeigt (katholisch und evangelisch). Eine Augenweide!<\/p>\n","protected":false},"excerpt":{"rendered":"<p>Die beiden Kircht\u00fcrme gelten als die am feinsten verzierten Kircht\u00fcrme des Landkreises. Besonders sch\u00f6n anzusehen sind die Strukturen im unteren Bereich, die den T\u00fcrmen ihre einzigartige Gestalt geben. Auch aus der Entfernung gut zu erkennen sind die gotischen Einfl\u00fcsse an der gesamten Front und besonders am Portikus. Sehr selten ist auch die Ausstattung mit zwei<a class=\"more-link\" href=\"https:\/\/www.im-banne-der-sensoren.de\/?p=12314\"><span class=\"screen-reader-text\">&#8222;Wirklich besonders&#8220;<\/span> weiterlesen<\/a><\/p>\n","protected":false},"author":1,"featured_media":0,"comment_status":"open","ping_status":"open","sticky":false,"template":"","format":"standard","meta":{"footnotes":""},"categories":[32,15,60,145,3,169,187],"tags":[],"class_list":["post-12314","post","type-post","status-publish","format-standard","hentry","category-architektur","category-ausen","category-himmel","category-kirche","category-peter_p","category-stadt","category-wasser","entry"],"_links":{"self":[{"href":"https:\/\/www.im-banne-der-sensoren.de\/index.php?rest_route=\/wp\/v2\/posts\/12314","targetHints":{"allow":["GET"]}}],"collection":[{"href":"https:\/\/www.im-banne-der-sensoren.de\/index.php?rest_route=\/wp\/v2\/posts"}],"about":[{"href":"https:\/\/www.im-banne-der-sensoren.de\/index.php?rest_route=\/wp\/v2\/types\/post"}],"author":[{"embeddable":true,"href":"https:\/\/www.im-banne-der-sensoren.de\/index.php?rest_route=\/wp\/v2\/users\/1"}],"replies":[{"embeddable":true,"href":"https:\/\/www.im-banne-der-sensoren.de\/index.php?rest_route=%2Fwp%2Fv2%2Fcomments&post=12314"}],"version-history":[{"count":2,"href":"https:\/\/www.im-banne-der-sensoren.de\/index.php?rest_route=\/wp\/v2\/posts\/12314\/revisions"}],"predecessor-version":[{"id":12316,"href":"https:\/\/www.im-banne-der-sensoren.de\/index.php?rest_route=\/wp\/v2\/posts\/12314\/revisions\/12316"}],"wp:attachment":[{"href":"https:\/\/www.im-banne-der-sensoren.de\/index.php?rest_route=%2Fwp%2Fv2%2Fmedia&parent=12314"}],"wp:term":[{"taxonomy":"category","embeddable":true,"href":"https:\/\/www.im-banne-der-sensoren.de\/index.php?rest_route=%2Fwp%2Fv2%2Fcategories&post=12314"},{"taxonomy":"post_tag","embeddable":true,"href":"https:\/\/www.im-banne-der-sensoren.de\/index.php?rest_route=%2Fwp%2Fv2%2Ftags&post=12314"}],"curies":[{"name":"wp","href":"https:\/\/api.w.org\/{rel}","templated":true}]}}