{"id":12260,"date":"2015-04-07T06:53:04","date_gmt":"2015-04-07T04:53:04","guid":{"rendered":"http:\/\/www.im-banne-der-sensoren.de\/?p=12260"},"modified":"2015-04-07T06:53:21","modified_gmt":"2015-04-07T04:53:21","slug":"heaven","status":"publish","type":"post","link":"https:\/\/www.im-banne-der-sensoren.de\/?p=12260","title":{"rendered":"Heaven*"},"content":{"rendered":"<p><a href=\"http:\/\/www.im-banne-der-sensoren.de\/wp-content\/uploads\/2015\/04\/DSC09013.jpg\"><img loading=\"lazy\" decoding=\"async\" src=\"http:\/\/www.im-banne-der-sensoren.de\/wp-content\/uploads\/2015\/04\/DSC09013.jpg\" alt=\"\" title=\"gro\u00dfes kino DSC09013\" width=\"950\" height=\"633\" class=\"alignnone size-full wp-image-12261\" srcset=\"https:\/\/www.im-banne-der-sensoren.de\/wp-content\/uploads\/2015\/04\/DSC09013.jpg 950w, https:\/\/www.im-banne-der-sensoren.de\/wp-content\/uploads\/2015\/04\/DSC09013-500x333.jpg 500w, https:\/\/www.im-banne-der-sensoren.de\/wp-content\/uploads\/2015\/04\/DSC09013-900x599.jpg 900w\" sizes=\"auto, (max-width: 950px) 100vw, 950px\" \/><\/a><br \/>\n<em>*Der Titel erkl\u00e4rt folgenderma\u00dfen sich:<\/em><br \/>\nIm nicht hoch genug zu lobenden Film &#8222;Heaven&#8220; setzt Regisseur Tom Tykwer das St\u00fcck <a href=\"https:\/\/www.youtube.com\/watch?v=TJ6Mzvh3XCc\">Spiegel im Spiegel<\/a> derart \u00fcberzeugend ein, dass es eine stets aufs Neue \u00fcberbordende Freude ist und ich also diesen Artikel hier aus Gr\u00fcnden nicht nur der Hauptdarstellerin Cate Blanchett (Cate Blanchett!) und dem Hauptdarsteller Giovanni Ribisi, sondern zu gleichen Teilen dem unergr\u00fcndlich raumgreifenden Komponisten Arvo P\u00e4rt zueignen m\u00f6chte.<\/p>\n","protected":false},"excerpt":{"rendered":"<p>*Der Titel erkl\u00e4rt folgenderma\u00dfen sich: Im nicht hoch genug zu lobenden Film &#8222;Heaven&#8220; setzt Regisseur Tom Tykwer das St\u00fcck Spiegel im Spiegel derart \u00fcberzeugend ein, dass es eine stets aufs Neue \u00fcberbordende Freude ist und ich also diesen Artikel hier aus Gr\u00fcnden nicht nur der Hauptdarstellerin Cate Blanchett (Cate Blanchett!) und dem Hauptdarsteller Giovanni Ribisi,<a class=\"more-link\" href=\"https:\/\/www.im-banne-der-sensoren.de\/?p=12260\"><span class=\"screen-reader-text\">&#8222;Heaven*&#8220;<\/span> weiterlesen<\/a><\/p>\n","protected":false},"author":1,"featured_media":0,"comment_status":"open","ping_status":"open","sticky":false,"template":"","format":"standard","meta":{"footnotes":""},"categories":[137,20,8,3,168],"tags":[],"class_list":["post-12260","post","type-post","status-publish","format-standard","hentry","category-gelb","category-innen","category-licht","category-peter_p","category-spiegelung","entry"],"_links":{"self":[{"href":"https:\/\/www.im-banne-der-sensoren.de\/index.php?rest_route=\/wp\/v2\/posts\/12260","targetHints":{"allow":["GET"]}}],"collection":[{"href":"https:\/\/www.im-banne-der-sensoren.de\/index.php?rest_route=\/wp\/v2\/posts"}],"about":[{"href":"https:\/\/www.im-banne-der-sensoren.de\/index.php?rest_route=\/wp\/v2\/types\/post"}],"author":[{"embeddable":true,"href":"https:\/\/www.im-banne-der-sensoren.de\/index.php?rest_route=\/wp\/v2\/users\/1"}],"replies":[{"embeddable":true,"href":"https:\/\/www.im-banne-der-sensoren.de\/index.php?rest_route=%2Fwp%2Fv2%2Fcomments&post=12260"}],"version-history":[{"count":4,"href":"https:\/\/www.im-banne-der-sensoren.de\/index.php?rest_route=\/wp\/v2\/posts\/12260\/revisions"}],"predecessor-version":[{"id":12265,"href":"https:\/\/www.im-banne-der-sensoren.de\/index.php?rest_route=\/wp\/v2\/posts\/12260\/revisions\/12265"}],"wp:attachment":[{"href":"https:\/\/www.im-banne-der-sensoren.de\/index.php?rest_route=%2Fwp%2Fv2%2Fmedia&parent=12260"}],"wp:term":[{"taxonomy":"category","embeddable":true,"href":"https:\/\/www.im-banne-der-sensoren.de\/index.php?rest_route=%2Fwp%2Fv2%2Fcategories&post=12260"},{"taxonomy":"post_tag","embeddable":true,"href":"https:\/\/www.im-banne-der-sensoren.de\/index.php?rest_route=%2Fwp%2Fv2%2Ftags&post=12260"}],"curies":[{"name":"wp","href":"https:\/\/api.w.org\/{rel}","templated":true}]}}