{"id":11827,"date":"2015-01-29T07:23:46","date_gmt":"2015-01-29T06:23:46","guid":{"rendered":"http:\/\/www.im-banne-der-sensoren.de\/?p=11827"},"modified":"2015-01-29T07:25:40","modified_gmt":"2015-01-29T06:25:40","slug":"versuch-einer-beruhigung","status":"publish","type":"post","link":"https:\/\/www.im-banne-der-sensoren.de\/?p=11827","title":{"rendered":"Versuch einer M\u00e4\u00dfigung"},"content":{"rendered":"<p><a href=\"http:\/\/www.im-banne-der-sensoren.de\/wp-content\/uploads\/2015\/01\/DSC08556.jpg\"><img loading=\"lazy\" decoding=\"async\" src=\"http:\/\/www.im-banne-der-sensoren.de\/wp-content\/uploads\/2015\/01\/DSC08556.jpg\" alt=\"\" title=\"trallala DSC08556\" width=\"950\" height=\"633\" class=\"alignnone size-full wp-image-11828\" srcset=\"https:\/\/www.im-banne-der-sensoren.de\/wp-content\/uploads\/2015\/01\/DSC08556.jpg 950w, https:\/\/www.im-banne-der-sensoren.de\/wp-content\/uploads\/2015\/01\/DSC08556-500x333.jpg 500w, https:\/\/www.im-banne-der-sensoren.de\/wp-content\/uploads\/2015\/01\/DSC08556-900x599.jpg 900w\" sizes=\"auto, (max-width: 950px) 100vw, 950px\" \/><\/a><br \/>\nNicht etwa das eigene innere Kind \u2013 vielmehr das Kind des nebenan munter Fallafel brutzelnden D\u00f6nermanns matschte sich diesen Gem\u00fctstroll zusammen, der einzig mir Trost sein kann f\u00fcr entgangene Freuden, nicht gehabt habende sinnfreie Stunden und verloren niederfrequentes Wohlf\u00fchlgebrumm im Kreise liebster Menschen. Aber sowas von!<\/p>\n","protected":false},"excerpt":{"rendered":"<p>Nicht etwa das eigene innere Kind \u2013 vielmehr das Kind des nebenan munter Fallafel brutzelnden D\u00f6nermanns matschte sich diesen Gem\u00fctstroll zusammen, der einzig mir Trost sein kann f\u00fcr entgangene Freuden, nicht gehabt habende sinnfreie Stunden und verloren niederfrequentes Wohlf\u00fchlgebrumm im Kreise liebster Menschen. Aber sowas von!<\/p>\n","protected":false},"author":1,"featured_media":0,"comment_status":"open","ping_status":"open","sticky":false,"template":"","format":"standard","meta":{"footnotes":""},"categories":[15,173,126,3,120,14,169],"tags":[],"class_list":["post-11827","post","type-post","status-publish","format-standard","hentry","category-ausen","category-kunst","category-manipulation","category-peter_p","category-rot-2","category-schnee","category-stadt","entry"],"_links":{"self":[{"href":"https:\/\/www.im-banne-der-sensoren.de\/index.php?rest_route=\/wp\/v2\/posts\/11827","targetHints":{"allow":["GET"]}}],"collection":[{"href":"https:\/\/www.im-banne-der-sensoren.de\/index.php?rest_route=\/wp\/v2\/posts"}],"about":[{"href":"https:\/\/www.im-banne-der-sensoren.de\/index.php?rest_route=\/wp\/v2\/types\/post"}],"author":[{"embeddable":true,"href":"https:\/\/www.im-banne-der-sensoren.de\/index.php?rest_route=\/wp\/v2\/users\/1"}],"replies":[{"embeddable":true,"href":"https:\/\/www.im-banne-der-sensoren.de\/index.php?rest_route=%2Fwp%2Fv2%2Fcomments&post=11827"}],"version-history":[{"count":3,"href":"https:\/\/www.im-banne-der-sensoren.de\/index.php?rest_route=\/wp\/v2\/posts\/11827\/revisions"}],"predecessor-version":[{"id":11831,"href":"https:\/\/www.im-banne-der-sensoren.de\/index.php?rest_route=\/wp\/v2\/posts\/11827\/revisions\/11831"}],"wp:attachment":[{"href":"https:\/\/www.im-banne-der-sensoren.de\/index.php?rest_route=%2Fwp%2Fv2%2Fmedia&parent=11827"}],"wp:term":[{"taxonomy":"category","embeddable":true,"href":"https:\/\/www.im-banne-der-sensoren.de\/index.php?rest_route=%2Fwp%2Fv2%2Fcategories&post=11827"},{"taxonomy":"post_tag","embeddable":true,"href":"https:\/\/www.im-banne-der-sensoren.de\/index.php?rest_route=%2Fwp%2Fv2%2Ftags&post=11827"}],"curies":[{"name":"wp","href":"https:\/\/api.w.org\/{rel}","templated":true}]}}