{"id":1170,"date":"2011-05-31T00:23:52","date_gmt":"2011-05-30T22:23:52","guid":{"rendered":"http:\/\/www.im-banne-der-sensoren.de\/?p=1170"},"modified":"2011-05-31T00:24:29","modified_gmt":"2011-05-30T22:24:29","slug":"wall-of-pixel","status":"publish","type":"post","link":"https:\/\/www.im-banne-der-sensoren.de\/?p=1170","title":{"rendered":"Wall of pixel"},"content":{"rendered":"<p><a href=\"http:\/\/www.im-banne-der-sensoren.de\/wp-content\/uploads\/2011\/05\/0072_residenz.jpg\"><img loading=\"lazy\" decoding=\"async\" class=\"alignnone size-medium wp-image-1171\" title=\"0072_residenz\" src=\"http:\/\/www.im-banne-der-sensoren.de\/wp-content\/uploads\/2011\/05\/0072_residenz-590x887.jpg\" alt=\"\" width=\"289\" height=\"435\" srcset=\"https:\/\/www.im-banne-der-sensoren.de\/wp-content\/uploads\/2011\/05\/0072_residenz-590x887.jpg 590w, https:\/\/www.im-banne-der-sensoren.de\/wp-content\/uploads\/2011\/05\/0072_residenz.jpg 598w\" sizes=\"auto, (max-width: 289px) 100vw, 289px\" \/><\/a><\/p>\n<p>Glasfaserkabel ziehen sie an der m\u00fcnchner Residenz,<br \/>\nund damit die G\u00e4ste der Stadt nicht abget\u00f6rnt werden<br \/>\nvom Anblick der Baugruben, schieben sie eine<br \/>\nunscharfe Kulisse davor. Eigentlich nett.<\/p>\n<p>&nbsp;<\/p>\n","protected":false},"excerpt":{"rendered":"<p>Glasfaserkabel ziehen sie an der m\u00fcnchner Residenz, und damit die G\u00e4ste der Stadt nicht abget\u00f6rnt werden vom Anblick der Baugruben, schieben sie eine unscharfe Kulisse davor. Eigentlich nett. &nbsp;<\/p>\n","protected":false},"author":3,"featured_media":0,"comment_status":"open","ping_status":"open","sticky":false,"template":"","format":"standard","meta":{"footnotes":""},"categories":[1],"tags":[],"class_list":["post-1170","post","type-post","status-publish","format-standard","hentry","category-allgemein","entry"],"_links":{"self":[{"href":"https:\/\/www.im-banne-der-sensoren.de\/index.php?rest_route=\/wp\/v2\/posts\/1170","targetHints":{"allow":["GET"]}}],"collection":[{"href":"https:\/\/www.im-banne-der-sensoren.de\/index.php?rest_route=\/wp\/v2\/posts"}],"about":[{"href":"https:\/\/www.im-banne-der-sensoren.de\/index.php?rest_route=\/wp\/v2\/types\/post"}],"author":[{"embeddable":true,"href":"https:\/\/www.im-banne-der-sensoren.de\/index.php?rest_route=\/wp\/v2\/users\/3"}],"replies":[{"embeddable":true,"href":"https:\/\/www.im-banne-der-sensoren.de\/index.php?rest_route=%2Fwp%2Fv2%2Fcomments&post=1170"}],"version-history":[{"count":5,"href":"https:\/\/www.im-banne-der-sensoren.de\/index.php?rest_route=\/wp\/v2\/posts\/1170\/revisions"}],"predecessor-version":[{"id":1177,"href":"https:\/\/www.im-banne-der-sensoren.de\/index.php?rest_route=\/wp\/v2\/posts\/1170\/revisions\/1177"}],"wp:attachment":[{"href":"https:\/\/www.im-banne-der-sensoren.de\/index.php?rest_route=%2Fwp%2Fv2%2Fmedia&parent=1170"}],"wp:term":[{"taxonomy":"category","embeddable":true,"href":"https:\/\/www.im-banne-der-sensoren.de\/index.php?rest_route=%2Fwp%2Fv2%2Fcategories&post=1170"},{"taxonomy":"post_tag","embeddable":true,"href":"https:\/\/www.im-banne-der-sensoren.de\/index.php?rest_route=%2Fwp%2Fv2%2Ftags&post=1170"}],"curies":[{"name":"wp","href":"https:\/\/api.w.org\/{rel}","templated":true}]}}