{"id":11329,"date":"2014-11-18T07:05:45","date_gmt":"2014-11-18T06:05:45","guid":{"rendered":"http:\/\/www.im-banne-der-sensoren.de\/?p=11329"},"modified":"2014-11-18T07:05:45","modified_gmt":"2014-11-18T06:05:45","slug":"kunst-am-bau-2","status":"publish","type":"post","link":"https:\/\/www.im-banne-der-sensoren.de\/?p=11329","title":{"rendered":"Kunst am Bau"},"content":{"rendered":"<p><a href=\"http:\/\/www.im-banne-der-sensoren.de\/wp-content\/uploads\/2014\/11\/DSC07382.jpg\"><img loading=\"lazy\" decoding=\"async\" src=\"http:\/\/www.im-banne-der-sensoren.de\/wp-content\/uploads\/2014\/11\/DSC07382.jpg\" alt=\"\" title=\"salve! DSC07382\" width=\"950\" height=\"633\" class=\"alignnone size-full wp-image-11330\" srcset=\"https:\/\/www.im-banne-der-sensoren.de\/wp-content\/uploads\/2014\/11\/DSC07382.jpg 950w, https:\/\/www.im-banne-der-sensoren.de\/wp-content\/uploads\/2014\/11\/DSC07382-500x333.jpg 500w, https:\/\/www.im-banne-der-sensoren.de\/wp-content\/uploads\/2014\/11\/DSC07382-900x599.jpg 900w\" sizes=\"auto, (max-width: 950px) 100vw, 950px\" \/><\/a><br \/>\nSp\u00e4te Replik, sorry, momentan bin ich ein bisschen \u00fcberlastet und lebe h\u00e4ufiger mit Verz\u00f6\u00f6\u00f6\u00f6\u00f6\u00f6\u00f6gerung (auch nicht f\u00fcr alles schlecht).<\/p>\n","protected":false},"excerpt":{"rendered":"<p>Sp\u00e4te Replik, sorry, momentan bin ich ein bisschen \u00fcberlastet und lebe h\u00e4ufiger mit Verz\u00f6\u00f6\u00f6\u00f6\u00f6\u00f6\u00f6gerung (auch nicht f\u00fcr alles schlecht).<\/p>\n","protected":false},"author":1,"featured_media":0,"comment_status":"open","ping_status":"open","sticky":false,"template":"","format":"standard","meta":{"footnotes":""},"categories":[32,15,60,173,3,124,169],"tags":[],"class_list":["post-11329","post","type-post","status-publish","format-standard","hentry","category-architektur","category-ausen","category-himmel","category-kunst","category-peter_p","category-schwarzweis","category-stadt","entry"],"_links":{"self":[{"href":"https:\/\/www.im-banne-der-sensoren.de\/index.php?rest_route=\/wp\/v2\/posts\/11329","targetHints":{"allow":["GET"]}}],"collection":[{"href":"https:\/\/www.im-banne-der-sensoren.de\/index.php?rest_route=\/wp\/v2\/posts"}],"about":[{"href":"https:\/\/www.im-banne-der-sensoren.de\/index.php?rest_route=\/wp\/v2\/types\/post"}],"author":[{"embeddable":true,"href":"https:\/\/www.im-banne-der-sensoren.de\/index.php?rest_route=\/wp\/v2\/users\/1"}],"replies":[{"embeddable":true,"href":"https:\/\/www.im-banne-der-sensoren.de\/index.php?rest_route=%2Fwp%2Fv2%2Fcomments&post=11329"}],"version-history":[{"count":1,"href":"https:\/\/www.im-banne-der-sensoren.de\/index.php?rest_route=\/wp\/v2\/posts\/11329\/revisions"}],"predecessor-version":[{"id":11331,"href":"https:\/\/www.im-banne-der-sensoren.de\/index.php?rest_route=\/wp\/v2\/posts\/11329\/revisions\/11331"}],"wp:attachment":[{"href":"https:\/\/www.im-banne-der-sensoren.de\/index.php?rest_route=%2Fwp%2Fv2%2Fmedia&parent=11329"}],"wp:term":[{"taxonomy":"category","embeddable":true,"href":"https:\/\/www.im-banne-der-sensoren.de\/index.php?rest_route=%2Fwp%2Fv2%2Fcategories&post=11329"},{"taxonomy":"post_tag","embeddable":true,"href":"https:\/\/www.im-banne-der-sensoren.de\/index.php?rest_route=%2Fwp%2Fv2%2Ftags&post=11329"}],"curies":[{"name":"wp","href":"https:\/\/api.w.org\/{rel}","templated":true}]}}