{"id":1127,"date":"2011-05-26T07:00:23","date_gmt":"2011-05-26T05:00:23","guid":{"rendered":"http:\/\/www.im-banne-der-sensoren.de\/?p=1127"},"modified":"2011-05-26T07:51:10","modified_gmt":"2011-05-26T05:51:10","slug":"aufgetaucht","status":"publish","type":"post","link":"https:\/\/www.im-banne-der-sensoren.de\/?p=1127","title":{"rendered":"Aufgetaucht"},"content":{"rendered":"<p><a href=\"http:\/\/www.im-banne-der-sensoren.de\/wp-content\/uploads\/2011\/05\/SDIM1806_balkon.jpg\"><img decoding=\"async\" class=\"alignnone size-medium wp-image-198\u201c title=\"aufgetaucht\" src=\"http:\/\/www.im-banne-der-sensoren.de\/wp-content\/uploads\/2011\/05\/SDIM1806_balkon.jpg\" alt=\"\" width=\"950\" height=\"\u201e633&quot;\" \/><\/a><\/p>\n<p>Als k\u00f6nnte man bei einem Balkon das \u00d6l wechseln. Als w\u00fcrde man beim Tauchgang nach oben an die Meeresoberfl\u00e4che blicken und die Wirklichkeit schauen. Als g\u00e4be es so etwas wie verschiedene Perspektiven. Als ob man die Dinge auch mal anders sehen k\u00f6nnte.<\/p>\n","protected":false},"excerpt":{"rendered":"","protected":false},"author":1,"featured_media":0,"comment_status":"open","ping_status":"open","sticky":false,"template":"","format":"standard","meta":{"footnotes":""},"categories":[15,3],"tags":[222],"class_list":["post-1127","post","type-post","status-publish","format-standard","hentry","category-ausen","category-peter_p","tag-balkon","entry"],"_links":{"self":[{"href":"https:\/\/www.im-banne-der-sensoren.de\/index.php?rest_route=\/wp\/v2\/posts\/1127","targetHints":{"allow":["GET"]}}],"collection":[{"href":"https:\/\/www.im-banne-der-sensoren.de\/index.php?rest_route=\/wp\/v2\/posts"}],"about":[{"href":"https:\/\/www.im-banne-der-sensoren.de\/index.php?rest_route=\/wp\/v2\/types\/post"}],"author":[{"embeddable":true,"href":"https:\/\/www.im-banne-der-sensoren.de\/index.php?rest_route=\/wp\/v2\/users\/1"}],"replies":[{"embeddable":true,"href":"https:\/\/www.im-banne-der-sensoren.de\/index.php?rest_route=%2Fwp%2Fv2%2Fcomments&post=1127"}],"version-history":[{"count":2,"href":"https:\/\/www.im-banne-der-sensoren.de\/index.php?rest_route=\/wp\/v2\/posts\/1127\/revisions"}],"predecessor-version":[{"id":1129,"href":"https:\/\/www.im-banne-der-sensoren.de\/index.php?rest_route=\/wp\/v2\/posts\/1127\/revisions\/1129"}],"wp:attachment":[{"href":"https:\/\/www.im-banne-der-sensoren.de\/index.php?rest_route=%2Fwp%2Fv2%2Fmedia&parent=1127"}],"wp:term":[{"taxonomy":"category","embeddable":true,"href":"https:\/\/www.im-banne-der-sensoren.de\/index.php?rest_route=%2Fwp%2Fv2%2Fcategories&post=1127"},{"taxonomy":"post_tag","embeddable":true,"href":"https:\/\/www.im-banne-der-sensoren.de\/index.php?rest_route=%2Fwp%2Fv2%2Ftags&post=1127"}],"curies":[{"name":"wp","href":"https:\/\/api.w.org\/{rel}","templated":true}]}}