{"id":11056,"date":"2014-10-05T09:03:13","date_gmt":"2014-10-05T07:03:13","guid":{"rendered":"http:\/\/www.im-banne-der-sensoren.de\/?p=11056"},"modified":"2014-10-05T09:03:13","modified_gmt":"2014-10-05T07:03:13","slug":"zur-feier-des-tages","status":"publish","type":"post","link":"https:\/\/www.im-banne-der-sensoren.de\/?p=11056","title":{"rendered":"Zur Feier des Tages"},"content":{"rendered":"<p><a href=\"http:\/\/www.im-banne-der-sensoren.de\/wp-content\/uploads\/2014\/10\/DSC02578.jpg\"><img loading=\"lazy\" decoding=\"async\" src=\"http:\/\/www.im-banne-der-sensoren.de\/wp-content\/uploads\/2014\/10\/DSC02578.jpg\" alt=\"\" title=\"brezen\u00f6ffner DSC02578\" width=\"950\" height=\"633\" class=\"alignnone size-full wp-image-11057\" srcset=\"https:\/\/www.im-banne-der-sensoren.de\/wp-content\/uploads\/2014\/10\/DSC02578.jpg 950w, https:\/\/www.im-banne-der-sensoren.de\/wp-content\/uploads\/2014\/10\/DSC02578-500x333.jpg 500w, https:\/\/www.im-banne-der-sensoren.de\/wp-content\/uploads\/2014\/10\/DSC02578-900x599.jpg 900w\" sizes=\"auto, (max-width: 950px) 100vw, 950px\" \/><\/a><br \/>\nMir bleibt leider nichts anderes \u00fcbrig, als diesen Blogbeitrag zum Gr\u00fc\u00dfen und Bestew\u00fcnschew\u00fcnschen zu nutzen (statt selbst vor Ort zu sein). Zur Feier des gro\u00dfen Vernissagetages also, sende ich hier mein sch\u00f6nstes Bild eines original Sauerl\u00e4nder Brezen\u00f6ffners, der bis Minga rufen soll: Habt eine wundervolle Ausstellungser\u00f6ffnung! H\u00f6rt dem Zinner gut zu!! Und trinkt ein gro\u00dfes Helles auf mich!!!<\/p>\n","protected":false},"excerpt":{"rendered":"<p>Mir bleibt leider nichts anderes \u00fcbrig, als diesen Blogbeitrag zum Gr\u00fc\u00dfen und Bestew\u00fcnschew\u00fcnschen zu nutzen (statt selbst vor Ort zu sein). Zur Feier des gro\u00dfen Vernissagetages also, sende ich hier mein sch\u00f6nstes Bild eines original Sauerl\u00e4nder Brezen\u00f6ffners, der bis Minga rufen soll: Habt eine wundervolle Ausstellungser\u00f6ffnung! H\u00f6rt dem Zinner gut zu!! Und trinkt ein gro\u00dfes<a class=\"more-link\" href=\"https:\/\/www.im-banne-der-sensoren.de\/?p=11056\"><span class=\"screen-reader-text\">&#8222;Zur Feier des Tages&#8220;<\/span> weiterlesen<\/a><\/p>\n","protected":false},"author":1,"featured_media":0,"comment_status":"open","ping_status":"open","sticky":false,"template":"","format":"standard","meta":{"footnotes":""},"categories":[72,8,3],"tags":[],"class_list":["post-11056","post","type-post","status-publish","format-standard","hentry","category-grun","category-licht","category-peter_p","entry"],"_links":{"self":[{"href":"https:\/\/www.im-banne-der-sensoren.de\/index.php?rest_route=\/wp\/v2\/posts\/11056","targetHints":{"allow":["GET"]}}],"collection":[{"href":"https:\/\/www.im-banne-der-sensoren.de\/index.php?rest_route=\/wp\/v2\/posts"}],"about":[{"href":"https:\/\/www.im-banne-der-sensoren.de\/index.php?rest_route=\/wp\/v2\/types\/post"}],"author":[{"embeddable":true,"href":"https:\/\/www.im-banne-der-sensoren.de\/index.php?rest_route=\/wp\/v2\/users\/1"}],"replies":[{"embeddable":true,"href":"https:\/\/www.im-banne-der-sensoren.de\/index.php?rest_route=%2Fwp%2Fv2%2Fcomments&post=11056"}],"version-history":[{"count":1,"href":"https:\/\/www.im-banne-der-sensoren.de\/index.php?rest_route=\/wp\/v2\/posts\/11056\/revisions"}],"predecessor-version":[{"id":11058,"href":"https:\/\/www.im-banne-der-sensoren.de\/index.php?rest_route=\/wp\/v2\/posts\/11056\/revisions\/11058"}],"wp:attachment":[{"href":"https:\/\/www.im-banne-der-sensoren.de\/index.php?rest_route=%2Fwp%2Fv2%2Fmedia&parent=11056"}],"wp:term":[{"taxonomy":"category","embeddable":true,"href":"https:\/\/www.im-banne-der-sensoren.de\/index.php?rest_route=%2Fwp%2Fv2%2Fcategories&post=11056"},{"taxonomy":"post_tag","embeddable":true,"href":"https:\/\/www.im-banne-der-sensoren.de\/index.php?rest_route=%2Fwp%2Fv2%2Ftags&post=11056"}],"curies":[{"name":"wp","href":"https:\/\/api.w.org\/{rel}","templated":true}]}}