{"id":1094,"date":"2011-05-22T12:02:17","date_gmt":"2011-05-22T10:02:17","guid":{"rendered":"http:\/\/www.im-banne-der-sensoren.de\/?p=1094"},"modified":"2011-05-22T12:02:36","modified_gmt":"2011-05-22T10:02:36","slug":"hundkatzemaus","status":"publish","type":"post","link":"https:\/\/www.im-banne-der-sensoren.de\/?p=1094","title":{"rendered":"Hundpuppe"},"content":{"rendered":"<p><a href=\"http:\/\/www.im-banne-der-sensoren.de\/wp-content\/uploads\/2011\/05\/SDIM1789_hund.jpg\"><img decoding=\"async\" class=\"alignnone size-medium wp-image-198\u201c title=\u201ehundnase\" src=\"http:\/\/www.im-banne-der-sensoren.de\/wp-content\/uploads\/2011\/05\/SDIM1789_hund.jpg\" alt=\"\" width=\"950\" height=\"\u201e633&quot;\" \/><\/a><\/p>\n<p>Damit soll er\u00f6ffnet sein ein m\u00f6glicher Motivreigen zum Thema Tierundwassodazugeh\u00f6rt. Hier gef\u00e4llt dem Herrn Onlinesteller besonders die Linie vom Menscharm zur Hundnase. Haben Tiere Pers\u00f6nlichkeitsrechte, die hier gewahrt sein m\u00fcssen? Haben Hunde ein Recht am eigenen Bild?<\/p>\n","protected":false},"excerpt":{"rendered":"<p>Damit soll er\u00f6ffnet sein ein m\u00f6glicher Motivreigen zum Thema Tierundwassodazugeh\u00f6rt. Hier gef\u00e4llt dem Herrn Onlinesteller besonders die Linie vom Menscharm zur Hundnase. Haben Tiere Pers\u00f6nlichkeitsrechte, die hier gewahrt sein m\u00fcssen? Haben Hunde ein Recht am eigenen Bild?<\/p>\n","protected":false},"author":1,"featured_media":0,"comment_status":"open","ping_status":"open","sticky":false,"template":"","format":"standard","meta":{"footnotes":""},"categories":[20,3,112],"tags":[],"class_list":["post-1094","post","type-post","status-publish","format-standard","hentry","category-innen","category-peter_p","category-tiere","entry"],"_links":{"self":[{"href":"https:\/\/www.im-banne-der-sensoren.de\/index.php?rest_route=\/wp\/v2\/posts\/1094","targetHints":{"allow":["GET"]}}],"collection":[{"href":"https:\/\/www.im-banne-der-sensoren.de\/index.php?rest_route=\/wp\/v2\/posts"}],"about":[{"href":"https:\/\/www.im-banne-der-sensoren.de\/index.php?rest_route=\/wp\/v2\/types\/post"}],"author":[{"embeddable":true,"href":"https:\/\/www.im-banne-der-sensoren.de\/index.php?rest_route=\/wp\/v2\/users\/1"}],"replies":[{"embeddable":true,"href":"https:\/\/www.im-banne-der-sensoren.de\/index.php?rest_route=%2Fwp%2Fv2%2Fcomments&post=1094"}],"version-history":[{"count":2,"href":"https:\/\/www.im-banne-der-sensoren.de\/index.php?rest_route=\/wp\/v2\/posts\/1094\/revisions"}],"predecessor-version":[{"id":1097,"href":"https:\/\/www.im-banne-der-sensoren.de\/index.php?rest_route=\/wp\/v2\/posts\/1094\/revisions\/1097"}],"wp:attachment":[{"href":"https:\/\/www.im-banne-der-sensoren.de\/index.php?rest_route=%2Fwp%2Fv2%2Fmedia&parent=1094"}],"wp:term":[{"taxonomy":"category","embeddable":true,"href":"https:\/\/www.im-banne-der-sensoren.de\/index.php?rest_route=%2Fwp%2Fv2%2Fcategories&post=1094"},{"taxonomy":"post_tag","embeddable":true,"href":"https:\/\/www.im-banne-der-sensoren.de\/index.php?rest_route=%2Fwp%2Fv2%2Ftags&post=1094"}],"curies":[{"name":"wp","href":"https:\/\/api.w.org\/{rel}","templated":true}]}}