{"id":10890,"date":"2014-09-11T07:24:36","date_gmt":"2014-09-11T05:24:36","guid":{"rendered":"http:\/\/www.im-banne-der-sensoren.de\/?p=10890"},"modified":"2014-09-11T07:26:11","modified_gmt":"2014-09-11T05:26:11","slug":"zum-stand-der-gentrifizierung-in-niederlandischen-grosstadten","status":"publish","type":"post","link":"https:\/\/www.im-banne-der-sensoren.de\/?p=10890","title":{"rendered":"Zum Stand der Gentrifizierung in niederl\u00e4ndischen Gro\u00dfst\u00e4dten"},"content":{"rendered":"<p><a href=\"http:\/\/www.im-banne-der-sensoren.de\/wp-content\/uploads\/2014\/09\/DSC06532.jpg\"><img loading=\"lazy\" decoding=\"async\" src=\"http:\/\/www.im-banne-der-sensoren.de\/wp-content\/uploads\/2014\/09\/DSC06532-900x599.jpg\" alt=\"\" title=\"au\u00dfen vor DSC06532\" width=\"500\" height=\"332\" class=\"alignnone size-large wp-image-10891\" srcset=\"https:\/\/www.im-banne-der-sensoren.de\/wp-content\/uploads\/2014\/09\/DSC06532-900x599.jpg 900w, https:\/\/www.im-banne-der-sensoren.de\/wp-content\/uploads\/2014\/09\/DSC06532-500x333.jpg 500w, https:\/\/www.im-banne-der-sensoren.de\/wp-content\/uploads\/2014\/09\/DSC06532.jpg 950w\" sizes=\"auto, (max-width: 500px) 100vw, 500px\" \/><\/a><\/p>\n","protected":false},"excerpt":{"rendered":"","protected":false},"author":1,"featured_media":0,"comment_status":"open","ping_status":"open","sticky":false,"template":"","format":"standard","meta":{"footnotes":""},"categories":[15,126,3,40,124,169,138,112],"tags":[],"class_list":["post-10890","post","type-post","status-publish","format-standard","hentry","category-ausen","category-manipulation","category-peter_p","category-portrait","category-schwarzweis","category-stadt","category-strase","category-tiere","entry"],"_links":{"self":[{"href":"https:\/\/www.im-banne-der-sensoren.de\/index.php?rest_route=\/wp\/v2\/posts\/10890","targetHints":{"allow":["GET"]}}],"collection":[{"href":"https:\/\/www.im-banne-der-sensoren.de\/index.php?rest_route=\/wp\/v2\/posts"}],"about":[{"href":"https:\/\/www.im-banne-der-sensoren.de\/index.php?rest_route=\/wp\/v2\/types\/post"}],"author":[{"embeddable":true,"href":"https:\/\/www.im-banne-der-sensoren.de\/index.php?rest_route=\/wp\/v2\/users\/1"}],"replies":[{"embeddable":true,"href":"https:\/\/www.im-banne-der-sensoren.de\/index.php?rest_route=%2Fwp%2Fv2%2Fcomments&post=10890"}],"version-history":[{"count":2,"href":"https:\/\/www.im-banne-der-sensoren.de\/index.php?rest_route=\/wp\/v2\/posts\/10890\/revisions"}],"predecessor-version":[{"id":10893,"href":"https:\/\/www.im-banne-der-sensoren.de\/index.php?rest_route=\/wp\/v2\/posts\/10890\/revisions\/10893"}],"wp:attachment":[{"href":"https:\/\/www.im-banne-der-sensoren.de\/index.php?rest_route=%2Fwp%2Fv2%2Fmedia&parent=10890"}],"wp:term":[{"taxonomy":"category","embeddable":true,"href":"https:\/\/www.im-banne-der-sensoren.de\/index.php?rest_route=%2Fwp%2Fv2%2Fcategories&post=10890"},{"taxonomy":"post_tag","embeddable":true,"href":"https:\/\/www.im-banne-der-sensoren.de\/index.php?rest_route=%2Fwp%2Fv2%2Ftags&post=10890"}],"curies":[{"name":"wp","href":"https:\/\/api.w.org\/{rel}","templated":true}]}}