{"id":10479,"date":"2014-07-14T10:38:04","date_gmt":"2014-07-14T08:38:04","guid":{"rendered":"http:\/\/www.im-banne-der-sensoren.de\/?p=10479"},"modified":"2014-07-14T10:45:29","modified_gmt":"2014-07-14T08:45:29","slug":"fur-tom-bartels-einfach-so","status":"publish","type":"post","link":"https:\/\/www.im-banne-der-sensoren.de\/?p=10479","title":{"rendered":"My Own Personal Jesus f\u00fcr Tom Bartels."},"content":{"rendered":"<p><a href=\"http:\/\/www.im-banne-der-sensoren.de\/wp-content\/uploads\/2014\/07\/DSC06564.jpg\"><img loading=\"lazy\" decoding=\"async\" src=\"http:\/\/www.im-banne-der-sensoren.de\/wp-content\/uploads\/2014\/07\/DSC06564_500x3331.jpg\" alt=\"\" title=\"naked jesus DSC06564\" width=\"500\" height=\"333\" class=\"alignnone size-full wp-image-10478\" \/><\/a><br \/>\nNicht zuletzt, weil mich sein f\u00fcrbittlicher Kommentar erleuchtet hat, den er zum mitten im Spielgeschehen \u00fcbertragenen Bild der gro\u00dfen Statue mit dahinter sich ereignendem Sonnenuntergang vermeldete: \u201eChristus der Erl\u00f6ser. Wer erl\u00f6st Deutschland in diesem Finale?\u201c Danke, Tom!<\/p>\n","protected":false},"excerpt":{"rendered":"<p>Nicht zuletzt, weil mich sein f\u00fcrbittlicher Kommentar erleuchtet hat, den er zum mitten im Spielgeschehen \u00fcbertragenen Bild der gro\u00dfen Statue mit dahinter sich ereignendem Sonnenuntergang vermeldete: \u201eChristus der Erl\u00f6ser. Wer erl\u00f6st Deutschland in diesem Finale?\u201c Danke, Tom!<\/p>\n","protected":false},"author":1,"featured_media":0,"comment_status":"open","ping_status":"open","sticky":false,"template":"","format":"standard","meta":{"footnotes":""},"categories":[15,24,116,60,51,126,3],"tags":[],"class_list":["post-10479","post","type-post","status-publish","format-standard","hentry","category-ausen","category-blau-2","category-dunkel","category-himmel","category-langzeitbelichtung","category-manipulation","category-peter_p","entry"],"_links":{"self":[{"href":"https:\/\/www.im-banne-der-sensoren.de\/index.php?rest_route=\/wp\/v2\/posts\/10479","targetHints":{"allow":["GET"]}}],"collection":[{"href":"https:\/\/www.im-banne-der-sensoren.de\/index.php?rest_route=\/wp\/v2\/posts"}],"about":[{"href":"https:\/\/www.im-banne-der-sensoren.de\/index.php?rest_route=\/wp\/v2\/types\/post"}],"author":[{"embeddable":true,"href":"https:\/\/www.im-banne-der-sensoren.de\/index.php?rest_route=\/wp\/v2\/users\/1"}],"replies":[{"embeddable":true,"href":"https:\/\/www.im-banne-der-sensoren.de\/index.php?rest_route=%2Fwp%2Fv2%2Fcomments&post=10479"}],"version-history":[{"count":9,"href":"https:\/\/www.im-banne-der-sensoren.de\/index.php?rest_route=\/wp\/v2\/posts\/10479\/revisions"}],"predecessor-version":[{"id":10488,"href":"https:\/\/www.im-banne-der-sensoren.de\/index.php?rest_route=\/wp\/v2\/posts\/10479\/revisions\/10488"}],"wp:attachment":[{"href":"https:\/\/www.im-banne-der-sensoren.de\/index.php?rest_route=%2Fwp%2Fv2%2Fmedia&parent=10479"}],"wp:term":[{"taxonomy":"category","embeddable":true,"href":"https:\/\/www.im-banne-der-sensoren.de\/index.php?rest_route=%2Fwp%2Fv2%2Fcategories&post=10479"},{"taxonomy":"post_tag","embeddable":true,"href":"https:\/\/www.im-banne-der-sensoren.de\/index.php?rest_route=%2Fwp%2Fv2%2Ftags&post=10479"}],"curies":[{"name":"wp","href":"https:\/\/api.w.org\/{rel}","templated":true}]}}