{"id":1047,"date":"2011-05-19T06:22:45","date_gmt":"2011-05-19T04:22:45","guid":{"rendered":"http:\/\/www.im-banne-der-sensoren.de\/?p=1047"},"modified":"2011-05-19T06:22:45","modified_gmt":"2011-05-19T04:22:45","slug":"tungsten-light","status":"publish","type":"post","link":"https:\/\/www.im-banne-der-sensoren.de\/?p=1047","title":{"rendered":"Tungsten light"},"content":{"rendered":"<p><a href=\"http:\/\/www.im-banne-der-sensoren.de\/wp-content\/uploads\/2011\/05\/0063_Blue_girl.jpg\"><img loading=\"lazy\" decoding=\"async\" class=\"alignnone size-medium wp-image-1048\" title=\"0063_Blue_girl\" src=\"http:\/\/www.im-banne-der-sensoren.de\/wp-content\/uploads\/2011\/05\/0063_Blue_girl-590x392.jpg\" alt=\"\" width=\"454\" height=\"301\" srcset=\"https:\/\/www.im-banne-der-sensoren.de\/wp-content\/uploads\/2011\/05\/0063_Blue_girl-590x392.jpg 590w, https:\/\/www.im-banne-der-sensoren.de\/wp-content\/uploads\/2011\/05\/0063_Blue_girl.jpg 900w\" sizes=\"auto, (max-width: 454px) 100vw, 454px\" \/><\/a><\/p>\n<p>Die Szene ist bei niedriger Farbtemperatur aufgenommen, und zaubrisch<br \/>\ngl\u00fcht das blaue Wams. Links oben haut es die Lichter weg und das Innere der<br \/>\nU-Bahn sieht aus wie eine Stra\u00dfe im grellen Sonnenlicht. Zuviel erkl\u00e4rt?<br \/>\nIch h\u00f6re schon auf.<\/p>\n","protected":false},"excerpt":{"rendered":"<p>Die Szene ist bei niedriger Farbtemperatur aufgenommen, und zaubrisch gl\u00fcht das blaue Wams. Links oben haut es die Lichter weg und das Innere der U-Bahn sieht aus wie eine Stra\u00dfe im grellen Sonnenlicht. Zuviel erkl\u00e4rt? Ich h\u00f6re schon auf.<\/p>\n","protected":false},"author":3,"featured_media":0,"comment_status":"open","ping_status":"open","sticky":false,"template":"","format":"standard","meta":{"footnotes":""},"categories":[1],"tags":[],"class_list":["post-1047","post","type-post","status-publish","format-standard","hentry","category-allgemein","entry"],"_links":{"self":[{"href":"https:\/\/www.im-banne-der-sensoren.de\/index.php?rest_route=\/wp\/v2\/posts\/1047","targetHints":{"allow":["GET"]}}],"collection":[{"href":"https:\/\/www.im-banne-der-sensoren.de\/index.php?rest_route=\/wp\/v2\/posts"}],"about":[{"href":"https:\/\/www.im-banne-der-sensoren.de\/index.php?rest_route=\/wp\/v2\/types\/post"}],"author":[{"embeddable":true,"href":"https:\/\/www.im-banne-der-sensoren.de\/index.php?rest_route=\/wp\/v2\/users\/3"}],"replies":[{"embeddable":true,"href":"https:\/\/www.im-banne-der-sensoren.de\/index.php?rest_route=%2Fwp%2Fv2%2Fcomments&post=1047"}],"version-history":[{"count":10,"href":"https:\/\/www.im-banne-der-sensoren.de\/index.php?rest_route=\/wp\/v2\/posts\/1047\/revisions"}],"predecessor-version":[{"id":1058,"href":"https:\/\/www.im-banne-der-sensoren.de\/index.php?rest_route=\/wp\/v2\/posts\/1047\/revisions\/1058"}],"wp:attachment":[{"href":"https:\/\/www.im-banne-der-sensoren.de\/index.php?rest_route=%2Fwp%2Fv2%2Fmedia&parent=1047"}],"wp:term":[{"taxonomy":"category","embeddable":true,"href":"https:\/\/www.im-banne-der-sensoren.de\/index.php?rest_route=%2Fwp%2Fv2%2Fcategories&post=1047"},{"taxonomy":"post_tag","embeddable":true,"href":"https:\/\/www.im-banne-der-sensoren.de\/index.php?rest_route=%2Fwp%2Fv2%2Ftags&post=1047"}],"curies":[{"name":"wp","href":"https:\/\/api.w.org\/{rel}","templated":true}]}}