{"id":1017,"date":"2011-05-17T07:21:33","date_gmt":"2011-05-17T05:21:33","guid":{"rendered":"http:\/\/www.im-banne-der-sensoren.de\/?p=1017"},"modified":"2011-05-17T09:38:57","modified_gmt":"2011-05-17T07:38:57","slug":"en-detail","status":"publish","type":"post","link":"https:\/\/www.im-banne-der-sensoren.de\/?p=1017","title":{"rendered":"En detail"},"content":{"rendered":"<p><a href=\"http:\/\/www.im-banne-der-sensoren.de\/wp-content\/uploads\/2011\/05\/SDIM0028_tisch_hauptstrasse_01_detail.jpg\"><img decoding=\"async\" class=\"alignnone size-medium wp-image-198\u201c title=\"hier wo wir uns begegnen\" src=\"http:\/\/www.im-banne-der-sensoren.de\/wp-content\/uploads\/2011\/05\/SDIM0028_tisch_hauptstrasse_01_detail.jpg\" alt=\"\" width=\"950\" height=\"\u201e633&quot;\" \/><\/a><\/p>\n<p>Es gibt Motive, die kann ich mir immer und immer und immer wieder im Detail ansehen, ich werd nicht satt davon. Diese B\u00fccherstapel aus meiner Tisch-Serie stammen aus dem letzten Jahr \u2013 und mir geht stets \u00bbder Nagel hoch\u00ab, wenn ich auf die fast einzeln erkennbaren Seiten schaue und auf die Stofflichkeit des obersten Einbands und das eingefangene Umschlagmuster der gr\u00fcn und orange geschnittenen<br \/>\nBuchbl\u00f6cke. Ach, dieser Sensor l\u00e4sst mich nicht aus seinem Bann, seine Abbildungsqualit\u00e4t ist zum himmelhochjauchzen. Ich bin s\u00fcchtig, ich gesteh\u2019s. <\/p>\n<p>Hier nochmal das gesamte Bild in absinth-gr\u00fcnlichem Kunstlichte:<\/p>\n<p><a href=\"http:\/\/www.im-banne-der-sensoren.de\/wp-content\/uploads\/2011\/05\/SDIM0028_tisch_hauptstrasse_01.jpg\"><img decoding=\"async\" class=\"alignnone size-medium wp-image-198\u201c title=\"das detail ist zum himmelhochjauchzen\" src=\"http:\/\/www.im-banne-der-sensoren.de\/wp-content\/uploads\/2011\/05\/SDIM0028_tisch_hauptstrasse_01.jpg\" alt=\"\" width=\"950\" height=\"\u201e633&quot;\" \/><\/a><\/p>\n","protected":false},"excerpt":{"rendered":"","protected":false},"author":1,"featured_media":0,"comment_status":"open","ping_status":"open","sticky":false,"template":"","format":"standard","meta":{"footnotes":""},"categories":[20,51,3,61],"tags":[],"class_list":["post-1017","post","type-post","status-publish","format-standard","hentry","category-innen","category-langzeitbelichtung","category-peter_p","category-tisch","entry"],"_links":{"self":[{"href":"https:\/\/www.im-banne-der-sensoren.de\/index.php?rest_route=\/wp\/v2\/posts\/1017","targetHints":{"allow":["GET"]}}],"collection":[{"href":"https:\/\/www.im-banne-der-sensoren.de\/index.php?rest_route=\/wp\/v2\/posts"}],"about":[{"href":"https:\/\/www.im-banne-der-sensoren.de\/index.php?rest_route=\/wp\/v2\/types\/post"}],"author":[{"embeddable":true,"href":"https:\/\/www.im-banne-der-sensoren.de\/index.php?rest_route=\/wp\/v2\/users\/1"}],"replies":[{"embeddable":true,"href":"https:\/\/www.im-banne-der-sensoren.de\/index.php?rest_route=%2Fwp%2Fv2%2Fcomments&post=1017"}],"version-history":[{"count":4,"href":"https:\/\/www.im-banne-der-sensoren.de\/index.php?rest_route=\/wp\/v2\/posts\/1017\/revisions"}],"predecessor-version":[{"id":1023,"href":"https:\/\/www.im-banne-der-sensoren.de\/index.php?rest_route=\/wp\/v2\/posts\/1017\/revisions\/1023"}],"wp:attachment":[{"href":"https:\/\/www.im-banne-der-sensoren.de\/index.php?rest_route=%2Fwp%2Fv2%2Fmedia&parent=1017"}],"wp:term":[{"taxonomy":"category","embeddable":true,"href":"https:\/\/www.im-banne-der-sensoren.de\/index.php?rest_route=%2Fwp%2Fv2%2Fcategories&post=1017"},{"taxonomy":"post_tag","embeddable":true,"href":"https:\/\/www.im-banne-der-sensoren.de\/index.php?rest_route=%2Fwp%2Fv2%2Ftags&post=1017"}],"curies":[{"name":"wp","href":"https:\/\/api.w.org\/{rel}","templated":true}]}}